{"id":11767,"date":"2011-06-27T19:59:19","date_gmt":"2011-06-27T19:59:19","guid":{"rendered":"http:\/\/www.portugalvia.com\/?p=11767"},"modified":"2015-11-12T16:08:40","modified_gmt":"2015-11-12T16:08:40","slug":"parque-de-campismo-municipal-de-gois","status":"publish","type":"post","link":"https:\/\/portugalvia.com\/vp\/parque-de-campismo-municipal-de-gois\/","title":{"rendered":"G\u00f3is Camping"},"content":{"rendered":"<p><a href=\"http:\/\/www.portugalvia.com\/vp\/wp-content\/uploads\/2011\/06\/Parque-de-Campismo-Municipal-de-G\u00f3is1.jpg\"><img loading=\"lazy\" decoding=\"async\" class=\"alignleft size-medium wp-image-11815\" title=\"Parque de Campismo Municipal de G\u00f3is\" src=\"http:\/\/www.portugalvia.com\/vp\/wp-content\/uploads\/2011\/06\/Parque-de-Campismo-Municipal-de-G\u00f3is1-300x178.jpg\" alt=\"\" width=\"300\" height=\"178\" srcset=\"https:\/\/portugalvia.com\/vp\/wp-content\/uploads\/2011\/06\/Parque-de-Campismo-Municipal-de-G\u00f3is1-300x178.jpg 300w, https:\/\/portugalvia.com\/vp\/wp-content\/uploads\/2011\/06\/Parque-de-Campismo-Municipal-de-G\u00f3is1.jpg 420w\" sizes=\"auto, (max-width: 300px) 100vw, 300px\" \/><\/a><\/p>\n<p>O Parque de Campismo de G\u00f3is, localiza-se nas margens do rio Ceira, no concelho de G\u00f3is, sendo um espa\u00e7o com um ambiente calmo, com espa\u00e7os verdejantes.<\/p>\n<p>A partir do Parque, podem-se efectuar passeios pelas belas paisagens do rio Ceira, usufruir da Praia Fluvial, efectuar passeios de bicicleta e explorar o patrim\u00f3nio hist\u00f3rico e cultural da regi\u00e3o, como a Ponte Joanina e a Fonte do Pombal, do s\u00e9culo XVI, a Pedra Letreira, em Cabe\u00e7adas &#8211; Alvares, a Ponte de G\u00f3is, o sal\u00e3o nobre da C\u00e2mara Municipal de G\u00f3is, a Igreja Matriz, a Capela de Nossa Senhora da Candosa e a Ponte da Cabreira, em Cadafaz.<\/p>\n<p>&nbsp;<\/p>\n<h4><span style=\"color: #008080;\">Contactos<\/span><\/h4>\n<p><strong>G\u00f3is Camping<\/strong><br \/>\n<strong>Parque Municipal de Campismo<\/strong><br \/>\n<strong> Parque do Castelo 3330-309 G\u00f3is<\/strong><br \/>\n<strong>Telefone- 351 235 772 034<\/strong><br \/>\n<strong>Telem\u00f3vel-<\/strong><strong>961 401 859 \/960 445 397<\/strong><br \/>\n<strong>E-mail-geral@goiscamping.com<\/strong><br \/>\n<strong>GPS: 40\u00ba 09\u2019 15\u2019\u2019N | 008\u00ba 06\u2019 50\u201dW<\/strong><\/p>\n<p><span style=\"color: #008080;\"><strong>www.goiscamping.com<\/strong><\/span><\/p>\n<p><strong><span style=\"color: #008080;\">Servi\u00e7os<\/span><\/strong><\/p>\n<p>Auto-caravanas<br \/>\nBar<br \/>\nBungalows<br \/>\nCaravanas<br \/>\nChurrasqueira<br \/>\nHI- FI<br \/>\nInstala\u00e7\u00f5es para v\u00e1rias possibilidades de alojamento<br \/>\nRelva natural<br \/>\nTendas<\/p>\n<p><span style=\"color: #008080;\">Per\u00edodo de funcionamento<\/span>&#8211; Todo o ano ( Encerra ao p\u00fablico na semana de Natal)<br \/>\n<span style=\"color: #008080;\">Classifica\u00e7\u00e3o<\/span>&#8211; 2 estrelas<br \/>\n<span style=\"color: #008080;\">Lota\u00e7\u00e3o<\/span>&#8211; 400<br \/>\n<span style=\"color: #008080;\">\u00c1rea<\/span>&#8211; 12 350 m2<\/p>\n","protected":false},"excerpt":{"rendered":"<p>O Parque de Campismo de G\u00f3is, localiza-se nas margens do rio Ceira, no concelho de G\u00f3is, sendo um espa\u00e7o com um ambiente calmo, com espa\u00e7os verdejantes. A partir do Parque, podem-se efectuar passeios pelas belas paisagens do rio Ceira, usufruir da Praia Fluvial, efectuar passeios de bicicleta e explorar o patrim\u00f3nio hist\u00f3rico e cultural da regi\u00e3o, como a Ponte Joanina e a Fonte do Pombal, do s\u00e9culo XVI, a Pedra Letreira, em Cabe\u00e7adas &#8211; Alvares, [&hellip;]<\/p>\n","protected":false},"author":2,"featured_media":0,"comment_status":"closed","ping_status":"open","sticky":false,"template":"","format":"standard","meta":{"footnotes":""},"categories":[8,81],"tags":[],"class_list":["post-11767","post","type-post","status-publish","format-standard","hentry","category-coimbra","category-parques-de-campismo-coimbra"],"_links":{"self":[{"href":"https:\/\/portugalvia.com\/vp\/wp-json\/wp\/v2\/posts\/11767","targetHints":{"allow":["GET"]}}],"collection":[{"href":"https:\/\/portugalvia.com\/vp\/wp-json\/wp\/v2\/posts"}],"about":[{"href":"https:\/\/portugalvia.com\/vp\/wp-json\/wp\/v2\/types\/post"}],"author":[{"embeddable":true,"href":"https:\/\/portugalvia.com\/vp\/wp-json\/wp\/v2\/users\/2"}],"replies":[{"embeddable":true,"href":"https:\/\/portugalvia.com\/vp\/wp-json\/wp\/v2\/comments?post=11767"}],"version-history":[{"count":26,"href":"https:\/\/portugalvia.com\/vp\/wp-json\/wp\/v2\/posts\/11767\/revisions"}],"predecessor-version":[{"id":21392,"href":"https:\/\/portugalvia.com\/vp\/wp-json\/wp\/v2\/posts\/11767\/revisions\/21392"}],"wp:attachment":[{"href":"https:\/\/portugalvia.com\/vp\/wp-json\/wp\/v2\/media?parent=11767"}],"wp:term":[{"taxonomy":"category","embeddable":true,"href":"https:\/\/portugalvia.com\/vp\/wp-json\/wp\/v2\/categories?post=11767"},{"taxonomy":"post_tag","embeddable":true,"href":"https:\/\/portugalvia.com\/vp\/wp-json\/wp\/v2\/tags?post=11767"}],"curies":[{"name":"wp","href":"https:\/\/api.w.org\/{rel}","templated":true}]}}