{"id":12863,"date":"2011-07-30T02:15:26","date_gmt":"2011-07-30T02:15:26","guid":{"rendered":"http:\/\/www.portugalvia.com\/?p=12863"},"modified":"2011-07-30T02:38:42","modified_gmt":"2011-07-30T02:38:42","slug":"inatel-foz-do-arelho","status":"publish","type":"post","link":"https:\/\/portugalvia.com\/vp\/inatel-foz-do-arelho\/","title":{"rendered":"Inatel Foz do Arelho"},"content":{"rendered":"<p>Situado num conjunto de edif\u00edcios que no passado, foram um Pal\u00e1cio de Francisco Almeida Grandella, em frente \u00e0 Lagoa de \u00d3bidos, o Inatel Foz do Arelho, encontra-se rodeado por uma vasta paisagem, apresentando uma vista \u00a0panor\u00e2mica das Berlengas.<\/p>\n<p>A \u00e1rea circundante do Inatel Foz do Arelho, est\u00e1 repleta de vegeta\u00e7\u00e3o, proporcionando a possibilidade de se efectuar caminhadas e ciclismo.<\/p>\n<p>A unidade disp\u00f5e de 95 quartos com vista para o mar, equipados, com gin\u00e1sio, bar, restaurante, sala de reuni\u00f5es, sala de jogos e Wi-Fi, bem como Parque de estacionamento privativo.<\/p>\n<p>Existe no Inatel Foz do Arelho, um extenso terra\u00e7o, prop\u00edcio para se tomar o pequeno-almo\u00e7o. O restaurante do Inatel serve comida fresca de origem local para o pequeno-almo\u00e7o, almo\u00e7o e jantar. Na unidade, encontra-se igualmente o centro de fitness, com vista para a lagoa e para o Oceano Atl\u00e2ntico.<\/p>\n<p>A poucos minutos de carro, encontra-se a cidade das Caldas da Ra\u00ednha e a 20 minutos de carro a vila de de \u00d3bidos. A partir da unidade, pode-se usufruir da Lagoa de \u00d3bidos, junto ao mar, onde se pode efectuar observa\u00e7\u00e3o de aves.<\/p>\n<p><strong>Rua Francisco de Almeida Grandela, 17<\/strong><br \/>\n<strong> 2500-487 Foz do Arelho<\/strong><br \/>\n<strong> Telefone-262 975 100<\/strong><br \/>\n<strong> Fax- 262 979 392<\/strong><br \/>\n<strong> E-mail- <a href=\"mailto:inatel.foz@inatel.pt\">inatel.foz@inatel.pt<\/a><\/strong><\/p>\n<p><span style=\"color: #008080;\"><a href=\"http:\/\/www.inatel.pt\"><span style=\"color: #008080;\">http:\/\/www.inatel.pt<\/span><\/a><\/span><\/p>\n<div>\n<script type='text\/javascript'>printBookingPanel('inatel-foz-do-arelho.pt');<\/script>\n<\/div>\n","protected":false},"excerpt":{"rendered":"<p>Situado num conjunto de edif\u00edcios que no passado, foram um Pal\u00e1cio de Francisco Almeida Grandella, em frente \u00e0 Lagoa de \u00d3bidos, o Inatel Foz do Arelho, encontra-se rodeado por uma vasta paisagem, apresentando uma vista \u00a0panor\u00e2mica das Berlengas. A \u00e1rea circundante do Inatel Foz do Arelho, est\u00e1 repleta de vegeta\u00e7\u00e3o, proporcionando a possibilidade de se efectuar caminhadas e ciclismo. A unidade disp\u00f5e de 95 quartos com vista para o mar, equipados, com gin\u00e1sio, bar, restaurante, [&hellip;]<\/p>\n","protected":false},"author":2,"featured_media":0,"comment_status":"closed","ping_status":"open","sticky":false,"template":"","format":"standard","meta":{"footnotes":""},"categories":[47,12],"tags":[],"class_list":["post-12863","post","type-post","status-publish","format-standard","hentry","category-hoteis-leiria","category-leiria"],"_links":{"self":[{"href":"https:\/\/portugalvia.com\/vp\/wp-json\/wp\/v2\/posts\/12863","targetHints":{"allow":["GET"]}}],"collection":[{"href":"https:\/\/portugalvia.com\/vp\/wp-json\/wp\/v2\/posts"}],"about":[{"href":"https:\/\/portugalvia.com\/vp\/wp-json\/wp\/v2\/types\/post"}],"author":[{"embeddable":true,"href":"https:\/\/portugalvia.com\/vp\/wp-json\/wp\/v2\/users\/2"}],"replies":[{"embeddable":true,"href":"https:\/\/portugalvia.com\/vp\/wp-json\/wp\/v2\/comments?post=12863"}],"version-history":[{"count":4,"href":"https:\/\/portugalvia.com\/vp\/wp-json\/wp\/v2\/posts\/12863\/revisions"}],"predecessor-version":[{"id":12867,"href":"https:\/\/portugalvia.com\/vp\/wp-json\/wp\/v2\/posts\/12863\/revisions\/12867"}],"wp:attachment":[{"href":"https:\/\/portugalvia.com\/vp\/wp-json\/wp\/v2\/media?parent=12863"}],"wp:term":[{"taxonomy":"category","embeddable":true,"href":"https:\/\/portugalvia.com\/vp\/wp-json\/wp\/v2\/categories?post=12863"},{"taxonomy":"post_tag","embeddable":true,"href":"https:\/\/portugalvia.com\/vp\/wp-json\/wp\/v2\/tags?post=12863"}],"curies":[{"name":"wp","href":"https:\/\/api.w.org\/{rel}","templated":true}]}}