{"id":1539,"date":"2011-03-16T14:32:27","date_gmt":"2011-03-16T14:32:27","guid":{"rendered":"http:\/\/www.portugalvia.com\/?p=1539"},"modified":"2013-02-25T17:44:57","modified_gmt":"2013-02-25T17:44:57","slug":"parque-de-campismo-monte-carvalhal-da-rocha","status":"publish","type":"post","link":"https:\/\/portugalvia.com\/vp\/parque-de-campismo-monte-carvalhal-da-rocha\/","title":{"rendered":"Parque de Campismo Monte Carvalhal da Rocha"},"content":{"rendered":"<p><a href=\"http:\/\/www.portugalvia.com\/vp\/wp-content\/uploads\/2011\/03\/000-1112.jpg\"><img loading=\"lazy\" decoding=\"async\" class=\"alignleft size-medium wp-image-10510\" title=\"000 (111)\" alt=\"\" src=\"http:\/\/www.portugalvia.com\/vp\/wp-content\/uploads\/2011\/03\/000-1112-300x208.jpg\" width=\"300\" height=\"208\" srcset=\"https:\/\/portugalvia.com\/vp\/wp-content\/uploads\/2011\/03\/000-1112-300x208.jpg 300w, https:\/\/portugalvia.com\/vp\/wp-content\/uploads\/2011\/03\/000-1112.jpg 720w\" sizes=\"auto, (max-width: 300px) 100vw, 300px\" \/><\/a><\/p>\n<p>O Parque de Campismo do Monte Carvalhal da Rocha, situa-se em pleno Parque Natural do Sudoeste Alentejano e Costa Vicentina, rodeado por uma paisagem invulgar, no concelho de Odemira, junto \u00e0 aldeia de Brej\u00e3o, a 3 quil\u00f3metros da zambujeira do Mar\u00a0 e a 500 metros da praia do Carvalhal.<\/p>\n<p>A partir do mesmo, pode-se visitar as pequenas praias existentes ao sop\u00e9 das fal\u00e9sias, uma col\u00f3nia de gaivotas ou pombos da rocha, o v\u00f4o da cegonha e da \u00e1guia-pesqueira, percorrer a p\u00e9 ou de bicicleta os pequenos trilhos ao longo da costa e usufruir a frag\u00e2ncia das estevas, dos pinhais e dos eucaliptais.<\/p>\n<p>&nbsp;<\/p>\n<p>&nbsp;<\/p>\n<h4><span style=\"color: #008080;\">Contactos <\/span><\/h4>\n<p><strong>Praia do Carvalhal &#8211; Brej\u00e3o &#8211; S. Teot\u00f3nio<\/strong><br \/>\n<strong>7630-569 S. Teot\u00f3nio<\/strong><br \/>\n<strong>Alentejo Portugal<\/strong><br \/>\n<strong>Telefone- 00 351 282 947 293<\/strong><br \/>\n<strong> Fax- 00 351 282 947 294<\/strong><br \/>\n<strong>E-mail- <a href=\"mailto:geral@montecarvalhaldarocha.com\">geral@montecarvalhaldarocha.com<\/a><\/strong><\/p>\n<p><a href=\"http:\/\/www.montecarvalhaldarocha.com\/\"><span style=\"color: #008080;\">http:\/\/www.montecarvalhaldarocha.com\/<\/span><\/a><\/p>\n<p>&nbsp;<\/p>\n<h4><span style=\"color: #008080;\">Servi\u00e7os<\/span><\/h4>\n<style type=\"text\/css\"><!--\nP { margin-bottom: 0.21cm; direction: ltr; color: rgb(0, 0, 0); widows: 2; orphans: 2; }P.western { font-family: \"Times New Roman\",serif; font-size: 12pt; }P.cjk { font-family: \"Times New Roman\",serif; font-size: 12pt; }P.ctl { font-family: \"Times New Roman\",serif; font-size: 12pt; }A:link {  }\n--><\/style>\n<p>\u00c1rea verdejante<br \/>\nApartamentos T0, T1<br \/>\nBarbecue comunit\u00e1rio<br \/>\nEstacionamento privativo (em frente \u00e0 entrada principal<br \/>\nMini-mercado<br \/>\nPiscina<br \/>\nPizzeria italiana<br \/>\nParque infantil<br \/>\nQuartos<br \/>\nRestaurante<br \/>\nSal\u00e3o de jogos<br \/>\nSnack-bar<br \/>\nSombra abundante<\/p>\n<p><span style=\"color: #008080;\">Per\u00edodo de funcionamento<\/span>&#8211; Todo o ano<br \/>\n<span style=\"color: #008080;\">Classifica\u00e7\u00e3o<\/span>&#8211; 4 estrelas<br \/>\n<span style=\"color: #008080;\">Lota\u00e7\u00e3o<\/span>&#8211; 450<br \/>\n<span style=\"color: #008080;\"> \u00c1rea<\/span>&#8211; 40 000 m2<\/p>\n","protected":false},"excerpt":{"rendered":"<p>O Parque de Campismo do Monte Carvalhal da Rocha, situa-se em pleno Parque Natural do Sudoeste Alentejano e Costa Vicentina, rodeado por uma paisagem invulgar, no concelho de Odemira, junto \u00e0 aldeia de Brej\u00e3o, a 3 quil\u00f3metros da zambujeira do Mar\u00a0 e a 500 metros da praia do Carvalhal. A partir do mesmo, pode-se visitar as pequenas praias existentes ao sop\u00e9 das fal\u00e9sias, uma col\u00f3nia de gaivotas ou pombos da rocha, o v\u00f4o da cegonha [&hellip;]<\/p>\n","protected":false},"author":2,"featured_media":0,"comment_status":"closed","ping_status":"open","sticky":false,"template":"","format":"standard","meta":{"footnotes":""},"categories":[4,77],"tags":[],"class_list":["post-1539","post","type-post","status-publish","format-standard","hentry","category-beja","category-parques-de-campismo-beja"],"_links":{"self":[{"href":"https:\/\/portugalvia.com\/vp\/wp-json\/wp\/v2\/posts\/1539","targetHints":{"allow":["GET"]}}],"collection":[{"href":"https:\/\/portugalvia.com\/vp\/wp-json\/wp\/v2\/posts"}],"about":[{"href":"https:\/\/portugalvia.com\/vp\/wp-json\/wp\/v2\/types\/post"}],"author":[{"embeddable":true,"href":"https:\/\/portugalvia.com\/vp\/wp-json\/wp\/v2\/users\/2"}],"replies":[{"embeddable":true,"href":"https:\/\/portugalvia.com\/vp\/wp-json\/wp\/v2\/comments?post=1539"}],"version-history":[{"count":23,"href":"https:\/\/portugalvia.com\/vp\/wp-json\/wp\/v2\/posts\/1539\/revisions"}],"predecessor-version":[{"id":1544,"href":"https:\/\/portugalvia.com\/vp\/wp-json\/wp\/v2\/posts\/1539\/revisions\/1544"}],"wp:attachment":[{"href":"https:\/\/portugalvia.com\/vp\/wp-json\/wp\/v2\/media?parent=1539"}],"wp:term":[{"taxonomy":"category","embeddable":true,"href":"https:\/\/portugalvia.com\/vp\/wp-json\/wp\/v2\/categories?post=1539"},{"taxonomy":"post_tag","embeddable":true,"href":"https:\/\/portugalvia.com\/vp\/wp-json\/wp\/v2\/tags?post=1539"}],"curies":[{"name":"wp","href":"https:\/\/api.w.org\/{rel}","templated":true}]}}