{"id":3145,"date":"2011-04-05T14:19:49","date_gmt":"2011-04-05T14:19:49","guid":{"rendered":"http:\/\/www.portugalvia.com\/?p=3145"},"modified":"2011-10-27T02:34:28","modified_gmt":"2011-10-27T02:34:28","slug":"moveaveiro","status":"publish","type":"post","link":"https:\/\/portugalvia.com\/vp\/moveaveiro\/","title":{"rendered":"MoveAveiro"},"content":{"rendered":"<p>A MoveAveiro, Empresa Municipal de Mobilidade, tem como objectivo, assegurar o servi\u00e7o p\u00fablico de transporte, que permite a articula\u00e7\u00e3o de uma rede de mobilidade em Aveiro.<\/p>\n<p>A empresa, agrega o transporte rodovi\u00e1rio urbano, o transporte fluvial, o transporte cicl\u00e1vel e todos os servi\u00e7os complementares, desde o estacionamento e parques ao turismo, articulando o transporte, a circula\u00e7\u00e3o e estacionamento numa rede de gest\u00e3o integrada.<\/p>\n<p>Na sua actividade, cobre as seguintes \u00e1reas: Transporte rodovi\u00e1rio colectivo regular de passageiros &#8211; MoveBus; Transporte fluvial de passageiros &#8211; MoveRia; Servi\u00e7o de BUGAS \u2013 Bicicleta de Utiliza\u00e7\u00e3o Gratuita de Aveiro &#8211; MoveBuga; Organiza\u00e7\u00e3o e gest\u00e3o do transporte escolar; Explora\u00e7\u00e3o e\/ou gest\u00e3o do estacionamento oneroso de superf\u00edcie ou subterr\u00e2neo; Transporte alternativo, nomeadamente minibus, ve\u00edculos de energia limpa, etc.<\/p>\n<p><strong>MoveAveiro \u2013 Empresa Municipal de Mobilidade<\/strong><br \/>\n<strong>Rua Artur Almeida E\u00e7a<\/strong><br \/>\n<strong> 3800-111 Aveiro<\/strong><br \/>\n<strong> Telefone \u2013 234 380 560 \/ 96 757 24 20<\/strong><br \/>\n<strong> Telem\u00f3vel \u2013 967 572 419\/967 572 420<\/strong><br \/>\n<strong> Fax \u2013 234 380 569<\/strong><br \/>\n<strong> E-mail \u2013 moveaveiro@moveaveiro.pt<\/strong><\/p>\n<p><a href=\"http:\/\/www.moveaveiro.pt\"><span style=\"color: #008080;\">http:\/\/www.moveaveiro.pt<\/span><\/a><\/p>\n","protected":false},"excerpt":{"rendered":"<p>A MoveAveiro, Empresa Municipal de Mobilidade, tem como objectivo, assegurar o servi\u00e7o p\u00fablico de transporte, que permite a articula\u00e7\u00e3o de uma rede de mobilidade em Aveiro. A empresa, agrega o transporte rodovi\u00e1rio urbano, o transporte fluvial, o transporte cicl\u00e1vel e todos os servi\u00e7os complementares, desde o estacionamento e parques ao turismo, articulando o transporte, a circula\u00e7\u00e3o e estacionamento numa rede de gest\u00e3o integrada. Na sua actividade, cobre as seguintes \u00e1reas: Transporte rodovi\u00e1rio colectivo regular de [&hellip;]<\/p>\n","protected":false},"author":2,"featured_media":0,"comment_status":"closed","ping_status":"open","sticky":false,"template":"","format":"standard","meta":{"footnotes":""},"categories":[3,112],"tags":[],"class_list":["post-3145","post","type-post","status-publish","format-standard","hentry","category-aveiro","category-transportes-locais-aveiro"],"_links":{"self":[{"href":"https:\/\/portugalvia.com\/vp\/wp-json\/wp\/v2\/posts\/3145","targetHints":{"allow":["GET"]}}],"collection":[{"href":"https:\/\/portugalvia.com\/vp\/wp-json\/wp\/v2\/posts"}],"about":[{"href":"https:\/\/portugalvia.com\/vp\/wp-json\/wp\/v2\/types\/post"}],"author":[{"embeddable":true,"href":"https:\/\/portugalvia.com\/vp\/wp-json\/wp\/v2\/users\/2"}],"replies":[{"embeddable":true,"href":"https:\/\/portugalvia.com\/vp\/wp-json\/wp\/v2\/comments?post=3145"}],"version-history":[{"count":6,"href":"https:\/\/portugalvia.com\/vp\/wp-json\/wp\/v2\/posts\/3145\/revisions"}],"predecessor-version":[{"id":3150,"href":"https:\/\/portugalvia.com\/vp\/wp-json\/wp\/v2\/posts\/3145\/revisions\/3150"}],"wp:attachment":[{"href":"https:\/\/portugalvia.com\/vp\/wp-json\/wp\/v2\/media?parent=3145"}],"wp:term":[{"taxonomy":"category","embeddable":true,"href":"https:\/\/portugalvia.com\/vp\/wp-json\/wp\/v2\/categories?post=3145"},{"taxonomy":"post_tag","embeddable":true,"href":"https:\/\/portugalvia.com\/vp\/wp-json\/wp\/v2\/tags?post=3145"}],"curies":[{"name":"wp","href":"https:\/\/api.w.org\/{rel}","templated":true}]}}