{"id":3513,"date":"2011-04-11T01:46:48","date_gmt":"2011-04-11T01:46:48","guid":{"rendered":"http:\/\/www.portugalvia.com\/?p=3513"},"modified":"2011-05-25T19:15:17","modified_gmt":"2011-05-25T19:15:17","slug":"rodonorte-transportes-portugueses-s-a-4","status":"publish","type":"post","link":"https:\/\/portugalvia.com\/vp\/rodonorte-transportes-portugueses-s-a-4\/","title":{"rendered":"Rodonorte-Transportes Portugueses S.A."},"content":{"rendered":"<p><a href=\"http:\/\/www.portugalvia.com\/vp\/wp-content\/uploads\/2011\/04\/bg_027.png\"><img loading=\"lazy\" decoding=\"async\" class=\"alignleft size-medium wp-image-10011\" title=\"bg_02\" src=\"http:\/\/www.portugalvia.com\/vp\/wp-content\/uploads\/2011\/04\/bg_027-300x50.png\" alt=\"\" width=\"300\" height=\"50\" srcset=\"https:\/\/portugalvia.com\/vp\/wp-content\/uploads\/2011\/04\/bg_027-300x50.png 300w, https:\/\/portugalvia.com\/vp\/wp-content\/uploads\/2011\/04\/bg_027.png 900w\" sizes=\"auto, (max-width: 300px) 100vw, 300px\" \/><\/a><\/p>\n<p>A Rodonorte, \u00e9 uma empresa concession\u00e1ria de carreiras regulares de passageiros, servi\u00e7os Expresso, carreiras regulares de mercadorias e transporte ocasional de mercadorias, servindo os distritos de Vila Real, Bragan\u00e7a, Viseu, Porto e Braga.<\/p>\n<p>Atrav\u00e9s de servi\u00e7os Expresso, liga o nordeste transmontano \u00e0s principais cidades do pa\u00eds, como Aveiro, Amarante, Braga, Bragan\u00e7a, Chaves, Coimbra, Guimar\u00e3es, Lisboa, Mirandela, Porto, P\u00f3voa de Varzim, Viana do Castelo, Vila Real, Covilh\u00e3, Guarda, Viseu e Lamego.<\/p>\n<p><strong>Representa\u00e7\u00e3o em Aveiro<\/strong><\/p>\n<p><strong>Pastelaria Esta\u00e7\u00e3o 90<\/strong><br \/>\n<strong>Av. Dr. Louren\u00e7o Peixinho, 352<\/strong><br \/>\n<strong>3800-163 Aveiro<\/strong><br \/>\n<strong>Telefone- 253 264 693<\/strong><\/p>\n<p><strong>Representa\u00e7\u00e3o em Santa Maria da Feira<\/strong><\/p>\n<p><strong>Caf\u00e9 Auto-Route<br \/>\nPraceta S. Paulo da Cruz, 21<br \/>\n4520- 249 Santa Maria da Feira<br \/>\nTelefone- 309 895 847<\/strong><br \/>\n<a href=\"http:\/\/www.rodonorte.pt\"><span style=\"color: #008080;\">http:\/\/www.rodonorte.pt<\/span><\/a><\/p>\n","protected":false},"excerpt":{"rendered":"<p>A Rodonorte, \u00e9 uma empresa concession\u00e1ria de carreiras regulares de passageiros, servi\u00e7os Expresso, carreiras regulares de mercadorias e transporte ocasional de mercadorias, servindo os distritos de Vila Real, Bragan\u00e7a, Viseu, Porto e Braga. Atrav\u00e9s de servi\u00e7os Expresso, liga o nordeste transmontano \u00e0s principais cidades do pa\u00eds, como Aveiro, Amarante, Braga, Bragan\u00e7a, Chaves, Coimbra, Guimar\u00e3es, Lisboa, Mirandela, Porto, P\u00f3voa de Varzim, Viana do Castelo, Vila Real, Covilh\u00e3, Guarda, Viseu e Lamego. Representa\u00e7\u00e3o em Aveiro Pastelaria Esta\u00e7\u00e3o [&hellip;]<\/p>\n","protected":false},"author":2,"featured_media":0,"comment_status":"closed","ping_status":"open","sticky":false,"template":"","format":"standard","meta":{"footnotes":""},"categories":[3,112],"tags":[],"class_list":["post-3513","post","type-post","status-publish","format-standard","hentry","category-aveiro","category-transportes-locais-aveiro"],"_links":{"self":[{"href":"https:\/\/portugalvia.com\/vp\/wp-json\/wp\/v2\/posts\/3513","targetHints":{"allow":["GET"]}}],"collection":[{"href":"https:\/\/portugalvia.com\/vp\/wp-json\/wp\/v2\/posts"}],"about":[{"href":"https:\/\/portugalvia.com\/vp\/wp-json\/wp\/v2\/types\/post"}],"author":[{"embeddable":true,"href":"https:\/\/portugalvia.com\/vp\/wp-json\/wp\/v2\/users\/2"}],"replies":[{"embeddable":true,"href":"https:\/\/portugalvia.com\/vp\/wp-json\/wp\/v2\/comments?post=3513"}],"version-history":[{"count":5,"href":"https:\/\/portugalvia.com\/vp\/wp-json\/wp\/v2\/posts\/3513\/revisions"}],"predecessor-version":[{"id":10013,"href":"https:\/\/portugalvia.com\/vp\/wp-json\/wp\/v2\/posts\/3513\/revisions\/10013"}],"wp:attachment":[{"href":"https:\/\/portugalvia.com\/vp\/wp-json\/wp\/v2\/media?parent=3513"}],"wp:term":[{"taxonomy":"category","embeddable":true,"href":"https:\/\/portugalvia.com\/vp\/wp-json\/wp\/v2\/categories?post=3513"},{"taxonomy":"post_tag","embeddable":true,"href":"https:\/\/portugalvia.com\/vp\/wp-json\/wp\/v2\/tags?post=3513"}],"curies":[{"name":"wp","href":"https:\/\/api.w.org\/{rel}","templated":true}]}}