{"id":4639,"date":"2011-04-22T21:08:02","date_gmt":"2011-04-22T21:08:02","guid":{"rendered":"http:\/\/www.portugalvia.com\/?p=4639"},"modified":"2012-01-16T06:39:43","modified_gmt":"2012-01-16T06:39:43","slug":"abreu-3","status":"publish","type":"post","link":"https:\/\/portugalvia.com\/vp\/abreu-3\/","title":{"rendered":"Abreu"},"content":{"rendered":"<p>A ag\u00eancia de viagens Abreu foi fundada em 1840, no Porto, pelo Sr. Bernardo de Abreu, um conceituado comerciante da cidade, que havia sido imigrante no Brasil, sendo que ao longo dos anos, a ag\u00eancia teve diferentes designa\u00e7\u00f5es.<\/p>\n<p>Presentemente, encontra-se em todo o territ\u00f3rio de Portugal, incluindo os A\u00e7ores e a Madeira, operando no sector das viagens e turismo e opera igualmente em pacotes de viagens e turismo para o estrangeiro.<\/p>\n<p>A empresa disp\u00f5e, desde a d\u00e9cada de 90, o Mundo Abreu, uma feira de viagens que incorpora uma componente de aproxima\u00e7\u00e3o de fornecedores com os clientes finais, traduzido na presen\u00e7a activa de um alargado n\u00famero de parceiros privados e entidades oficiais de todas as partes do mundo.<\/p>\n<p><strong>\u00c1gueda<\/strong><\/p>\n<p><strong>\u00c1gueda &#8211; Balc\u00e3o<\/strong><br \/>\n<strong>Pra\u00e7a do Munic\u00edpio, 75 \u2013 Loja 5<\/strong><br \/>\n<strong>3750-111<\/strong><br \/>\n<strong>Telefone- (351) 234690320\u00a0\u00a0\u00a0\u00a0\u00a0<\/strong><br \/>\n<strong>Fax: (351) 234690329<\/strong><br \/>\n<strong>E-mail- agueda@abreu.pt<\/strong><\/p>\n<p><strong>Aveiro<\/strong><\/p>\n<p><strong>Aveiro &#8211; Balc\u00e3o<\/strong><br \/>\n<strong>Av. Dr. Louren\u00e7o Peixinho, 67<\/strong><br \/>\n<strong>3800-165<\/strong><br \/>\n<strong>Telefone- (351) 234377750\u00a0\u00a0\u00a0\u00a0\u00a0<\/strong><br \/>\n<strong>Fax- (351) 234377759<\/strong><br \/>\n<strong>E-mail- aveiro@abreu.pt<\/strong><\/p>\n<p><strong>Centro Comercial Glic\u00ednias &#8211; Loja 34 -A<\/strong><br \/>\n<strong>Rua D. Manuel Barbuda e Vasconcelos,<\/strong><br \/>\n<strong>3810-498 Aveiro<\/strong><br \/>\n<strong>Telefone-(351) 234004730\u00a0\u00a0\u00a0\u00a0\u00a0<\/strong><br \/>\n<strong>Fax- (351) 234004739<\/strong><br \/>\n<strong>E-mail- glicinias@abreu.pt<\/strong><\/p>\n<p><strong>Espinho<\/strong><\/p>\n<p><strong>Espinho &#8211; Balc\u00e3o<\/strong><br \/>\n<strong>Rua 19, 459 4500-256<\/strong><br \/>\n<strong>Telefone- (351) 227330850\u00a0\u00a0\u00a0\u00a0\u00a0<\/strong><br \/>\n<strong>Fax- (351) 227330859<\/strong><br \/>\n<strong>E-mail- espinho@abreu.pt<\/strong><\/p>\n<p><strong>Oliveira de Azemeis<\/strong><\/p>\n<p><strong>Oliveira de Azem\u00e9is &#8211; Balc\u00e3o<\/strong><br \/>\n<strong>Rua Doutor An\u00edbal Beleza, 97<\/strong><br \/>\n<strong>3720-251<\/strong><br \/>\n<strong>Telefone- (351) 256690080\u00a0\u00a0\u00a0\u00a0\u00a0<\/strong><br \/>\n<strong>Fax- (351) 256690089<\/strong><br \/>\n<strong>E-mail- oazemeis@abreu.pt<\/strong><\/p>\n<p><strong>S\u00e3o Jo\u00e3o da Madeira<\/strong><\/p>\n<p><strong>S\u00e3o Jo\u00e3o da Madeira &#8211; Balc\u00e3o<\/strong><br \/>\n<strong>Edif\u00edcio Laranjeiras, Av. Dr. Renato Ara\u00fajo, 371<\/strong><br \/>\n<strong>3700-243<\/strong><br \/>\n<strong>Telefone- (351) 256200570\u00a0\u00a0\u00a0\u00a0\u00a0<\/strong><br \/>\n<strong>Fax- (351) 256200579<\/strong><br \/>\n<strong>E-mail- sjmadeira@abreu.pt<\/strong><\/p>\n<p><strong>Santa Maria da Feira<\/strong><\/p>\n<p><strong>Sta. Maria da Feira &#8211; Balc\u00e3o<\/strong><br \/>\n<strong>Av. Dr. Francisco S\u00e1 Carneiro 4 &#8211; C<\/strong><br \/>\n<strong>4520-164<\/strong><br \/>\n<strong>Telefone- (351) 256377020\u00a0\u00a0\u00a0\u00a0\u00a0<\/strong><br \/>\n<strong>Fax- (351) 256377029<\/strong><br \/>\nE-mail- <a href=\"mailto:smfeira@abreu.pt\">smfeira@abreu.pt<\/a><\/p>\n<p><a href=\"http:\/\/www.abreu.pt\/\"><span style=\"color: #008080;\">http:\/\/www.abreu.pt\/<\/span><\/a><\/p>\n","protected":false},"excerpt":{"rendered":"<p>A ag\u00eancia de viagens Abreu foi fundada em 1840, no Porto, pelo Sr. Bernardo de Abreu, um conceituado comerciante da cidade, que havia sido imigrante no Brasil, sendo que ao longo dos anos, a ag\u00eancia teve diferentes designa\u00e7\u00f5es. Presentemente, encontra-se em todo o territ\u00f3rio de Portugal, incluindo os A\u00e7ores e a Madeira, operando no sector das viagens e turismo e opera igualmente em pacotes de viagens e turismo para o estrangeiro. A empresa disp\u00f5e, desde [&hellip;]<\/p>\n","protected":false},"author":2,"featured_media":0,"comment_status":"closed","ping_status":"open","sticky":false,"template":"","format":"standard","meta":{"footnotes":""},"categories":[185,3],"tags":[],"class_list":["post-4639","post","type-post","status-publish","format-standard","hentry","category-agencias-de-viagem-aveiro","category-aveiro"],"_links":{"self":[{"href":"https:\/\/portugalvia.com\/vp\/wp-json\/wp\/v2\/posts\/4639","targetHints":{"allow":["GET"]}}],"collection":[{"href":"https:\/\/portugalvia.com\/vp\/wp-json\/wp\/v2\/posts"}],"about":[{"href":"https:\/\/portugalvia.com\/vp\/wp-json\/wp\/v2\/types\/post"}],"author":[{"embeddable":true,"href":"https:\/\/portugalvia.com\/vp\/wp-json\/wp\/v2\/users\/2"}],"replies":[{"embeddable":true,"href":"https:\/\/portugalvia.com\/vp\/wp-json\/wp\/v2\/comments?post=4639"}],"version-history":[{"count":6,"href":"https:\/\/portugalvia.com\/vp\/wp-json\/wp\/v2\/posts\/4639\/revisions"}],"predecessor-version":[{"id":17649,"href":"https:\/\/portugalvia.com\/vp\/wp-json\/wp\/v2\/posts\/4639\/revisions\/17649"}],"wp:attachment":[{"href":"https:\/\/portugalvia.com\/vp\/wp-json\/wp\/v2\/media?parent=4639"}],"wp:term":[{"taxonomy":"category","embeddable":true,"href":"https:\/\/portugalvia.com\/vp\/wp-json\/wp\/v2\/categories?post=4639"},{"taxonomy":"post_tag","embeddable":true,"href":"https:\/\/portugalvia.com\/vp\/wp-json\/wp\/v2\/tags?post=4639"}],"curies":[{"name":"wp","href":"https:\/\/api.w.org\/{rel}","templated":true}]}}