{"id":490,"date":"2011-02-24T15:03:39","date_gmt":"2011-02-24T15:03:39","guid":{"rendered":"http:\/\/www.portugalvia.com\/?p=490"},"modified":"2017-02-26T03:23:12","modified_gmt":"2017-02-26T03:23:12","slug":"se-catedral-de-aveiro","status":"publish","type":"post","link":"https:\/\/portugalvia.com\/vp\/se-catedral-de-aveiro\/","title":{"rendered":"S\u00e9 Catedral de Aveiro"},"content":{"rendered":"<p>A S\u00e9 Catedral de Aveiro, \u00e9 a antiga Igreja de S\u00e3o Domingo, fundada em 1423 pelo Infante D. Pedro e encontra-se na Pra\u00e7a do Mil\u00e9nio, sendo um dos monumentos mais importantes da cidade.\u00a0 \u00c9 um templo com planta de cruz latina e nave \u00fanica com capelas laterais, que formavam parte do Convento de S. Domingo.<\/p>\n<p>A S\u00e9 possui exemplos de arquitectura religiosa, maneirista (capelas laterais), barroca (coro-alto, ab\u00f3badas e cruzeiro) e modernista (transepto e capela-mor).<\/p>\n<p>Em 1996, foi classificada como Im\u00f3vel de interesse p\u00fablico pelo ex-IGESPAR. (<span class=\"st\">Instituto de Gest\u00e3o do Patrim\u00f3nio Arquitect\u00f3nico e Arqueol\u00f3gico, I. P).<\/span><\/p>\n<p><strong>P\u00e7. do Mil\u00e9nio 10<\/strong><br \/>\n<strong>Aveiro<\/strong><br \/>\n<strong>3810-064\u00a0Aveiro<\/strong><br \/>\n<strong>Telefone- 234422182<\/strong><br \/>\n<strong>Fax- 234384535<\/strong><\/p>\n<p><span style=\"color: #008080;\"><strong>www.patrimoniocultural.gov.pt<\/strong><\/span><\/p>\n","protected":false},"excerpt":{"rendered":"<p>A S\u00e9 Catedral de Aveiro, \u00e9 a antiga Igreja de S\u00e3o Domingo, fundada em 1423 pelo Infante D. Pedro e encontra-se na Pra\u00e7a do Mil\u00e9nio, sendo um dos monumentos mais importantes da cidade.\u00a0 \u00c9 um templo com planta de cruz latina e nave \u00fanica com capelas laterais, que formavam parte do Convento de S. Domingo. A S\u00e9 possui exemplos de arquitectura religiosa, maneirista (capelas laterais), barroca (coro-alto, ab\u00f3badas e cruzeiro) e modernista (transepto e capela-mor). [&hellip;]<\/p>\n","protected":false},"author":2,"featured_media":0,"comment_status":"open","ping_status":"open","sticky":false,"template":"","format":"standard","meta":{"footnotes":""},"categories":[3,130],"tags":[],"class_list":["post-490","post","type-post","status-publish","format-standard","hentry","category-aveiro","category-locais-de-interesse-aveiro"],"_links":{"self":[{"href":"https:\/\/portugalvia.com\/vp\/wp-json\/wp\/v2\/posts\/490","targetHints":{"allow":["GET"]}}],"collection":[{"href":"https:\/\/portugalvia.com\/vp\/wp-json\/wp\/v2\/posts"}],"about":[{"href":"https:\/\/portugalvia.com\/vp\/wp-json\/wp\/v2\/types\/post"}],"author":[{"embeddable":true,"href":"https:\/\/portugalvia.com\/vp\/wp-json\/wp\/v2\/users\/2"}],"replies":[{"embeddable":true,"href":"https:\/\/portugalvia.com\/vp\/wp-json\/wp\/v2\/comments?post=490"}],"version-history":[{"count":8,"href":"https:\/\/portugalvia.com\/vp\/wp-json\/wp\/v2\/posts\/490\/revisions"}],"predecessor-version":[{"id":21619,"href":"https:\/\/portugalvia.com\/vp\/wp-json\/wp\/v2\/posts\/490\/revisions\/21619"}],"wp:attachment":[{"href":"https:\/\/portugalvia.com\/vp\/wp-json\/wp\/v2\/media?parent=490"}],"wp:term":[{"taxonomy":"category","embeddable":true,"href":"https:\/\/portugalvia.com\/vp\/wp-json\/wp\/v2\/categories?post=490"},{"taxonomy":"post_tag","embeddable":true,"href":"https:\/\/portugalvia.com\/vp\/wp-json\/wp\/v2\/tags?post=490"}],"curies":[{"name":"wp","href":"https:\/\/api.w.org\/{rel}","templated":true}]}}