{"id":5293,"date":"2011-04-25T16:31:35","date_gmt":"2011-04-25T16:31:35","guid":{"rendered":"http:\/\/www.portugalvia.com\/?p=5293"},"modified":"2011-04-25T16:31:53","modified_gmt":"2011-04-25T16:31:53","slug":"idealista-pt-2","status":"publish","type":"post","link":"https:\/\/portugalvia.com\/vp\/idealista-pt-2\/","title":{"rendered":"Idealista.pt"},"content":{"rendered":"<p>O idealista.pt \u00e9 um portal de an\u00fancios imobili\u00e1rios gr\u00e1tis entre particulares, em Portugal, onde se pode encontrar informa\u00e7\u00e3o sobre arrendamento de quartos e arrendamento e compra de apartamentos no distrito de Aveiro.<\/p>\n<p>A publica\u00e7\u00e3o de an\u00fancios \u00e9 gratuita.<\/p>\n<p><a href=\"http:\/\/idealista.pt\/\"><span style=\"color: #008080;\">http:\/\/idealista.pt\/<\/span><\/a><\/p>\n","protected":false},"excerpt":{"rendered":"<p>O idealista.pt \u00e9 um portal de an\u00fancios imobili\u00e1rios gr\u00e1tis entre particulares, em Portugal, onde se pode encontrar informa\u00e7\u00e3o sobre arrendamento de quartos e arrendamento e compra de apartamentos no distrito de Aveiro. A publica\u00e7\u00e3o de an\u00fancios \u00e9 gratuita. http:\/\/idealista.pt\/<\/p>\n","protected":false},"author":2,"featured_media":0,"comment_status":"closed","ping_status":"open","sticky":false,"template":"","format":"standard","meta":{"footnotes":""},"categories":[3,58],"tags":[],"class_list":["post-5293","post","type-post","status-publish","format-standard","hentry","category-aveiro","category-quartos-e-apartamentos-aveiro"],"_links":{"self":[{"href":"https:\/\/portugalvia.com\/vp\/wp-json\/wp\/v2\/posts\/5293","targetHints":{"allow":["GET"]}}],"collection":[{"href":"https:\/\/portugalvia.com\/vp\/wp-json\/wp\/v2\/posts"}],"about":[{"href":"https:\/\/portugalvia.com\/vp\/wp-json\/wp\/v2\/types\/post"}],"author":[{"embeddable":true,"href":"https:\/\/portugalvia.com\/vp\/wp-json\/wp\/v2\/users\/2"}],"replies":[{"embeddable":true,"href":"https:\/\/portugalvia.com\/vp\/wp-json\/wp\/v2\/comments?post=5293"}],"version-history":[{"count":2,"href":"https:\/\/portugalvia.com\/vp\/wp-json\/wp\/v2\/posts\/5293\/revisions"}],"predecessor-version":[{"id":5296,"href":"https:\/\/portugalvia.com\/vp\/wp-json\/wp\/v2\/posts\/5293\/revisions\/5296"}],"wp:attachment":[{"href":"https:\/\/portugalvia.com\/vp\/wp-json\/wp\/v2\/media?parent=5293"}],"wp:term":[{"taxonomy":"category","embeddable":true,"href":"https:\/\/portugalvia.com\/vp\/wp-json\/wp\/v2\/categories?post=5293"},{"taxonomy":"post_tag","embeddable":true,"href":"https:\/\/portugalvia.com\/vp\/wp-json\/wp\/v2\/tags?post=5293"}],"curies":[{"name":"wp","href":"https:\/\/api.w.org\/{rel}","templated":true}]}}