{"id":5678,"date":"2011-04-27T16:32:25","date_gmt":"2011-04-27T16:32:25","guid":{"rendered":"http:\/\/www.portugalvia.com\/?p=5678"},"modified":"2011-11-09T16:05:02","modified_gmt":"2011-11-09T16:05:02","slug":"transdev-5","status":"publish","type":"post","link":"https:\/\/portugalvia.com\/vp\/transdev-5\/","title":{"rendered":"Transdev"},"content":{"rendered":"<p><a href=\"http:\/\/www.portugalvia.com\/vp\/wp-content\/uploads\/2011\/04\/TD_LogoCouleur3.jpg\"><img loading=\"lazy\" decoding=\"async\" class=\"alignleft size-medium wp-image-10123\" title=\"TD_LogoCouleur\" src=\"http:\/\/www.portugalvia.com\/vp\/wp-content\/uploads\/2011\/04\/TD_LogoCouleur3-300x78.jpg\" alt=\"\" width=\"300\" height=\"78\" srcset=\"https:\/\/portugalvia.com\/vp\/wp-content\/uploads\/2011\/04\/TD_LogoCouleur3-300x78.jpg 300w, https:\/\/portugalvia.com\/vp\/wp-content\/uploads\/2011\/04\/TD_LogoCouleur3.jpg 733w\" sizes=\"auto, (max-width: 300px) 100vw, 300px\" \/><\/a><\/p>\n<p>A Transdev \u00e9 uma empresa de transporte colectivo de passageiros, em autocarro e metro, com presen\u00e7a em Fran\u00e7a, Inglaterra, Holanda, Alemanha, It\u00e1lia, Espanha, Austr\u00e1lia, Canad\u00e1 e Portugal, com liga\u00e7\u00f5es aos principais destinos do pa\u00eds e com presen\u00e7a em Viseu.<\/p>\n<p>Disp\u00f5e de um servi\u00e7o de Expressos, carreiras internacionais e de alugueres.<\/p>\n<p><strong>Transdev Castro Daire\/Guedes<\/strong><\/p>\n<p><strong>Estrada Nacional n.\u00ba 2<\/strong><br \/>\n<strong>3600-194 Castro <\/strong><strong>Daire<\/strong><br \/>\n<strong>Telefone- 232 319 100 <\/strong><br \/>\n<strong><a href=\"mailto:E-mail-comercial.guedes@transdev.pt\">E-mail-comercial.guedes@transdev.pt<\/a><\/strong><\/p>\n<p><strong>E.A.V.T.<\/strong><\/p>\n<p><strong>Largo da Vit\u00f3ria, 3<br \/>\nApt. 10 ,5100 Lamego<br \/>\nTelefone- 254 612 116<br \/>\nE-mail- comercial.eavt@transdev.pt<\/strong><strong>Transdev Tondela e Arganil \/ STC<\/strong><\/p>\n<p><strong>Centro coordenador de Transportes<\/strong><br \/>\n<strong>Rua Am\u00e1lia do vale<\/strong><br \/>\n<strong>460-521 Tondela<\/strong><br \/>\n<strong>Telefone- 232 822 235<\/strong><\/p>\n<p><strong>Transdev Viseu\/Guedes<\/strong><\/p>\n<p><strong>Centro Municipal de Transportes<\/strong><br \/>\n<strong>Av. Dr .Ant\u00f3nio Jos\u00e9 Almeida <\/strong><br \/>\n<strong>3510 Viseu<\/strong><br \/>\n<strong>Telefone- 232 422 822 <\/strong><br \/>\n<strong>Fax- 232 425 646<\/strong><br \/>\n<strong>E-mail-comercial.viseu@transdev.pt<\/strong><\/p>\n<p><a href=\"http:\/\/www.transdev.pt\"><span style=\"color: #008080;\">http:\/\/www.transdev.pt<\/span><\/a><\/p>\n","protected":false},"excerpt":{"rendered":"<p>A Transdev \u00e9 uma empresa de transporte colectivo de passageiros, em autocarro e metro, com presen\u00e7a em Fran\u00e7a, Inglaterra, Holanda, Alemanha, It\u00e1lia, Espanha, Austr\u00e1lia, Canad\u00e1 e Portugal, com liga\u00e7\u00f5es aos principais destinos do pa\u00eds e com presen\u00e7a em Viseu. Disp\u00f5e de um servi\u00e7o de Expressos, carreiras internacionais e de alugueres. Transdev Castro Daire\/Guedes Estrada Nacional n.\u00ba 2 3600-194 Castro Daire Telefone- 232 319 100 E-mail-comercial.guedes@transdev.pt E.A.V.T. Largo da Vit\u00f3ria, 3 Apt. 10 ,5100 Lamego Telefone- [&hellip;]<\/p>\n","protected":false},"author":2,"featured_media":0,"comment_status":"closed","ping_status":"open","sticky":false,"template":"","format":"standard","meta":{"footnotes":""},"categories":[129,20],"tags":[],"class_list":["post-5678","post","type-post","status-publish","format-standard","hentry","category-transportes-locais-viseu","category-viseu"],"_links":{"self":[{"href":"https:\/\/portugalvia.com\/vp\/wp-json\/wp\/v2\/posts\/5678","targetHints":{"allow":["GET"]}}],"collection":[{"href":"https:\/\/portugalvia.com\/vp\/wp-json\/wp\/v2\/posts"}],"about":[{"href":"https:\/\/portugalvia.com\/vp\/wp-json\/wp\/v2\/types\/post"}],"author":[{"embeddable":true,"href":"https:\/\/portugalvia.com\/vp\/wp-json\/wp\/v2\/users\/2"}],"replies":[{"embeddable":true,"href":"https:\/\/portugalvia.com\/vp\/wp-json\/wp\/v2\/comments?post=5678"}],"version-history":[{"count":11,"href":"https:\/\/portugalvia.com\/vp\/wp-json\/wp\/v2\/posts\/5678\/revisions"}],"predecessor-version":[{"id":5703,"href":"https:\/\/portugalvia.com\/vp\/wp-json\/wp\/v2\/posts\/5678\/revisions\/5703"}],"wp:attachment":[{"href":"https:\/\/portugalvia.com\/vp\/wp-json\/wp\/v2\/media?parent=5678"}],"wp:term":[{"taxonomy":"category","embeddable":true,"href":"https:\/\/portugalvia.com\/vp\/wp-json\/wp\/v2\/categories?post=5678"},{"taxonomy":"post_tag","embeddable":true,"href":"https:\/\/portugalvia.com\/vp\/wp-json\/wp\/v2\/tags?post=5678"}],"curies":[{"name":"wp","href":"https:\/\/api.w.org\/{rel}","templated":true}]}}