{"id":6058,"date":"2011-04-29T19:34:01","date_gmt":"2011-04-29T19:34:01","guid":{"rendered":"http:\/\/www.portugalvia.com\/?p=6058"},"modified":"2015-09-03T15:01:14","modified_gmt":"2015-09-03T15:01:14","slug":"parque-de-campismo-e-caravanismo-da-praia-da-cortegaca","status":"publish","type":"post","link":"https:\/\/portugalvia.com\/vp\/parque-de-campismo-e-caravanismo-da-praia-da-cortegaca\/","title":{"rendered":"Parque de Campismo e Caravanismo da Praia da Cortega\u00e7a"},"content":{"rendered":"<p><a href=\"http:\/\/www.portugalvia.com\/vp\/wp-content\/uploads\/2011\/04\/Parque-de-Campismo-e-Caravanismo-da-Praia-da-Cortega\u00e7a.jpg\"><img loading=\"lazy\" decoding=\"async\" class=\"alignleft size-medium wp-image-19114\" title=\"Parque de Campismo e Caravanismo da Praia da Cortega\u00e7a\" src=\"http:\/\/www.portugalvia.com\/vp\/wp-content\/uploads\/2011\/04\/Parque-de-Campismo-e-Caravanismo-da-Praia-da-Cortega\u00e7a-300x225.jpg\" alt=\"\" width=\"300\" height=\"225\" srcset=\"https:\/\/portugalvia.com\/vp\/wp-content\/uploads\/2011\/04\/Parque-de-Campismo-e-Caravanismo-da-Praia-da-Cortega\u00e7a-300x225.jpg 300w, https:\/\/portugalvia.com\/vp\/wp-content\/uploads\/2011\/04\/Parque-de-Campismo-e-Caravanismo-da-Praia-da-Cortega\u00e7a-1024x768.jpg 1024w, https:\/\/portugalvia.com\/vp\/wp-content\/uploads\/2011\/04\/Parque-de-Campismo-e-Caravanismo-da-Praia-da-Cortega\u00e7a-200x150.jpg 200w\" sizes=\"auto, (max-width: 300px) 100vw, 300px\" \/><\/a>O Parque de Campismo da Cortega\u00e7a, situa-se a 10 quil\u00f3metros de Ovar e de Espinho, num local privilegiado com acesso directo \u00e0 zona de praias.<\/p>\n<p>Nas proximidades, os locais de maior interesse a visitar s\u00e3o a Igreja Matriz de Cortega\u00e7a e a Capela de Nossa\u00a0 Senhora da Nazar\u00e9.<\/p>\n<p>&nbsp;<\/p>\n<p>&nbsp;<\/p>\n<p>&nbsp;<\/p>\n<p>&nbsp;<\/p>\n<h5><\/h5>\n<h5><span style=\"color: #008080;\">Contactos<\/span><\/h5>\n<p><strong>Rua Clube de Campismo &#8220;Os Nortenhos&#8221;<br \/>\nPraia de Cortega\u00e7a<br \/>\nCortega\u00e7a<br \/>\n3885-278 Cortega\u00e7a Ovar<br \/>\nTelefone- 256 104 589<\/strong><br \/>\n<span style=\"color: #000000;\"><strong>E-mail : <a style=\"color: #000000;\" href=\"mailto:geral-pcc@adseabra.pt\" rel=\"noreferrer\">geral-pcc@adseabra.pt<\/a><\/strong><\/span><\/p>\n<p><strong>\u00a0<\/strong><\/p>\n<h5><span style=\"color: #008080;\">Servi\u00e7os <\/span><\/h5>\n<p>Alv\u00e9olos<br \/>\nAnima\u00e7\u00e3o<br \/>\n\u00c1rea para lavagem de ve\u00edculos<br \/>\nBar<br \/>\nCampo polivalente<br \/>\nEsta\u00e7\u00e3o de servi\u00e7o para autocaravanas<br \/>\nGrelhadores<br \/>\nLojas<br \/>\nMini\/supermercado<br \/>\nParque infantil<br \/>\nPesca<br \/>\nRestaurante<br \/>\nSala de conv\u00edvio<br \/>\nSala de jogos<br \/>\nSnack-bar<br \/>\nSombras naturais<br \/>\nTabacaria<br \/>\nT\u00e9nis de mesa<br \/>\nTomadas de corrente para caravanas e tendas<\/p>\n<p><span style=\"color: #008080;\">Per\u00edodo de funcionamento<\/span>&#8211; Todo o ano<br \/>\n<span style=\"color: #008080;\">Classifica\u00e7\u00e3o<\/span>&#8211; 2 estrelas<br \/>\n<span style=\"color: #008080;\">Lota\u00e7\u00e3o<\/span>&#8211; 380<br \/>\n<span style=\"color: #008080;\">\u00c1rea<\/span>&#8211; 11 000 m2<\/p>\n<p><strong>\u00a0<\/strong><\/p>\n","protected":false},"excerpt":{"rendered":"<p>O Parque de Campismo da Cortega\u00e7a, situa-se a 10 quil\u00f3metros de Ovar e de Espinho, num local privilegiado com acesso directo \u00e0 zona de praias. Nas proximidades, os locais de maior interesse a visitar s\u00e3o a Igreja Matriz de Cortega\u00e7a e a Capela de Nossa\u00a0 Senhora da Nazar\u00e9. &nbsp; &nbsp; &nbsp; &nbsp; Contactos Rua Clube de Campismo &#8220;Os Nortenhos&#8221; Praia de Cortega\u00e7a Cortega\u00e7a 3885-278 Cortega\u00e7a Ovar Telefone- 256 104 589 E-mail : geral-pcc@adseabra.pt \u00a0 Servi\u00e7os [&hellip;]<\/p>\n","protected":false},"author":2,"featured_media":0,"comment_status":"closed","ping_status":"open","sticky":false,"template":"","format":"standard","meta":{"footnotes":""},"categories":[3,76],"tags":[],"class_list":["post-6058","post","type-post","status-publish","format-standard","hentry","category-aveiro","category-parques-de-campismo-aveiro"],"_links":{"self":[{"href":"https:\/\/portugalvia.com\/vp\/wp-json\/wp\/v2\/posts\/6058","targetHints":{"allow":["GET"]}}],"collection":[{"href":"https:\/\/portugalvia.com\/vp\/wp-json\/wp\/v2\/posts"}],"about":[{"href":"https:\/\/portugalvia.com\/vp\/wp-json\/wp\/v2\/types\/post"}],"author":[{"embeddable":true,"href":"https:\/\/portugalvia.com\/vp\/wp-json\/wp\/v2\/users\/2"}],"replies":[{"embeddable":true,"href":"https:\/\/portugalvia.com\/vp\/wp-json\/wp\/v2\/comments?post=6058"}],"version-history":[{"count":13,"href":"https:\/\/portugalvia.com\/vp\/wp-json\/wp\/v2\/posts\/6058\/revisions"}],"predecessor-version":[{"id":21372,"href":"https:\/\/portugalvia.com\/vp\/wp-json\/wp\/v2\/posts\/6058\/revisions\/21372"}],"wp:attachment":[{"href":"https:\/\/portugalvia.com\/vp\/wp-json\/wp\/v2\/media?parent=6058"}],"wp:term":[{"taxonomy":"category","embeddable":true,"href":"https:\/\/portugalvia.com\/vp\/wp-json\/wp\/v2\/categories?post=6058"},{"taxonomy":"post_tag","embeddable":true,"href":"https:\/\/portugalvia.com\/vp\/wp-json\/wp\/v2\/tags?post=6058"}],"curies":[{"name":"wp","href":"https:\/\/api.w.org\/{rel}","templated":true}]}}