{"id":7001,"date":"2011-05-04T21:57:55","date_gmt":"2011-05-04T21:57:55","guid":{"rendered":"http:\/\/www.portugalvia.com\/?p=7001"},"modified":"2015-04-15T18:06:49","modified_gmt":"2015-04-15T18:06:49","slug":"viagens-el-corte-ingles-7","status":"publish","type":"post","link":"https:\/\/portugalvia.com\/vp\/viagens-el-corte-ingles-7\/","title":{"rendered":"Viagens El Corte Ingl\u00e9s"},"content":{"rendered":"<p>A Viagens El Corte Ingl\u00e9s, pertence ao Grupo espanhol El Corte Ingl\u00e9s, com v\u00e1rias ag\u00eancias em Portugal, dispondo de uma oferta personalizada para qualquer destino cultural, de lazer e\/ou de trabalho para todo o tipo de clientes, estudantes, fam\u00edlias, desportivos, religiosos, terceira idade, associa\u00e7\u00f5es, empresas, entre outros.<\/p>\n<p>Organiza igualmente viagens de grupo a membros de clubes desportivos, empresas ou associa\u00e7\u00f5es, beneficiando de vantagens exclusivas, relativamente a pre\u00e7os.<\/p>\n<p><strong>AVEIRO<\/strong><\/p>\n<p><strong>Praceta Dr. Alberto Souto<\/strong><br \/>\n<strong>n\u00ba 11 R\/C Dto<\/strong><br \/>\n<strong>3800-149 Aveiro<\/strong><br \/>\n<strong>Telefone- 234 89 40 30<\/strong><br \/>\n<strong>Fax- 234 894 038<\/strong><\/p>\n<p><a href=\"http:\/\/www.elcorteingles.pt\/viagens\"><span style=\"color: #008080;\">www.elcorteingles.pt\/viagens\/<\/span><\/a><\/p>\n","protected":false},"excerpt":{"rendered":"<p>A Viagens El Corte Ingl\u00e9s, pertence ao Grupo espanhol El Corte Ingl\u00e9s, com v\u00e1rias ag\u00eancias em Portugal, dispondo de uma oferta personalizada para qualquer destino cultural, de lazer e\/ou de trabalho para todo o tipo de clientes, estudantes, fam\u00edlias, desportivos, religiosos, terceira idade, associa\u00e7\u00f5es, empresas, entre outros. Organiza igualmente viagens de grupo a membros de clubes desportivos, empresas ou associa\u00e7\u00f5es, beneficiando de vantagens exclusivas, relativamente a pre\u00e7os. AVEIRO Praceta Dr. Alberto Souto n\u00ba 11 R\/C [&hellip;]<\/p>\n","protected":false},"author":2,"featured_media":0,"comment_status":"closed","ping_status":"open","sticky":false,"template":"","format":"standard","meta":{"footnotes":""},"categories":[185,3],"tags":[],"class_list":["post-7001","post","type-post","status-publish","format-standard","hentry","category-agencias-de-viagem-aveiro","category-aveiro"],"_links":{"self":[{"href":"https:\/\/portugalvia.com\/vp\/wp-json\/wp\/v2\/posts\/7001","targetHints":{"allow":["GET"]}}],"collection":[{"href":"https:\/\/portugalvia.com\/vp\/wp-json\/wp\/v2\/posts"}],"about":[{"href":"https:\/\/portugalvia.com\/vp\/wp-json\/wp\/v2\/types\/post"}],"author":[{"embeddable":true,"href":"https:\/\/portugalvia.com\/vp\/wp-json\/wp\/v2\/users\/2"}],"replies":[{"embeddable":true,"href":"https:\/\/portugalvia.com\/vp\/wp-json\/wp\/v2\/comments?post=7001"}],"version-history":[{"count":7,"href":"https:\/\/portugalvia.com\/vp\/wp-json\/wp\/v2\/posts\/7001\/revisions"}],"predecessor-version":[{"id":21171,"href":"https:\/\/portugalvia.com\/vp\/wp-json\/wp\/v2\/posts\/7001\/revisions\/21171"}],"wp:attachment":[{"href":"https:\/\/portugalvia.com\/vp\/wp-json\/wp\/v2\/media?parent=7001"}],"wp:term":[{"taxonomy":"category","embeddable":true,"href":"https:\/\/portugalvia.com\/vp\/wp-json\/wp\/v2\/categories?post=7001"},{"taxonomy":"post_tag","embeddable":true,"href":"https:\/\/portugalvia.com\/vp\/wp-json\/wp\/v2\/tags?post=7001"}],"curies":[{"name":"wp","href":"https:\/\/api.w.org\/{rel}","templated":true}]}}