{"id":7399,"date":"2011-05-07T16:03:02","date_gmt":"2011-05-07T16:03:02","guid":{"rendered":"http:\/\/www.portugalvia.com\/?p=7399"},"modified":"2011-11-25T22:26:21","modified_gmt":"2011-11-25T22:26:21","slug":"passepartourt-2","status":"publish","type":"post","link":"https:\/\/portugalvia.com\/vp\/passepartourt-2\/","title":{"rendered":"Passepartout"},"content":{"rendered":"<p>O Grupo Passepartout, \u00e9 um grupo que opera nos servi\u00e7os de viagens e turismo, na regi\u00e3o centro de Portugal.<\/p>\n<p>Trabalha com todas as companhias a\u00e9reas do Mundo, com emiss\u00e3o de bilhetes de avi\u00e3o, barco, caminhos de ferro, reservas de hot\u00e9is, viagens individuais ou em grupo, feiras e exposi\u00e7\u00f5es, turismo rural e de terceira Idade, aluguer de autom\u00f3veis e carros de turismo.<\/p>\n<p><strong>ANADIA<\/strong><\/p>\n<p><strong>Rua Manuel Ribeiro, 15<\/strong><br \/>\n<strong>3780-235 Anadia<\/strong><br \/>\n<strong>Telefone- 231512930<\/strong><br \/>\n<strong>Fax- 231512933<\/strong><\/p>\n<p><a href=\"http:\/\/www.passepartout.pt\/\"><span style=\"color: #008080;\">http:\/\/www.passepartout.pt\/<\/span><\/a><\/p>\n","protected":false},"excerpt":{"rendered":"<p>O Grupo Passepartout, \u00e9 um grupo que opera nos servi\u00e7os de viagens e turismo, na regi\u00e3o centro de Portugal. Trabalha com todas as companhias a\u00e9reas do Mundo, com emiss\u00e3o de bilhetes de avi\u00e3o, barco, caminhos de ferro, reservas de hot\u00e9is, viagens individuais ou em grupo, feiras e exposi\u00e7\u00f5es, turismo rural e de terceira Idade, aluguer de autom\u00f3veis e carros de turismo. ANADIA Rua Manuel Ribeiro, 15 3780-235 Anadia Telefone- 231512930 Fax- 231512933 http:\/\/www.passepartout.pt\/<\/p>\n","protected":false},"author":2,"featured_media":0,"comment_status":"closed","ping_status":"open","sticky":false,"template":"","format":"standard","meta":{"footnotes":""},"categories":[185,3],"tags":[],"class_list":["post-7399","post","type-post","status-publish","format-standard","hentry","category-agencias-de-viagem-aveiro","category-aveiro"],"_links":{"self":[{"href":"https:\/\/portugalvia.com\/vp\/wp-json\/wp\/v2\/posts\/7399","targetHints":{"allow":["GET"]}}],"collection":[{"href":"https:\/\/portugalvia.com\/vp\/wp-json\/wp\/v2\/posts"}],"about":[{"href":"https:\/\/portugalvia.com\/vp\/wp-json\/wp\/v2\/types\/post"}],"author":[{"embeddable":true,"href":"https:\/\/portugalvia.com\/vp\/wp-json\/wp\/v2\/users\/2"}],"replies":[{"embeddable":true,"href":"https:\/\/portugalvia.com\/vp\/wp-json\/wp\/v2\/comments?post=7399"}],"version-history":[{"count":6,"href":"https:\/\/portugalvia.com\/vp\/wp-json\/wp\/v2\/posts\/7399\/revisions"}],"predecessor-version":[{"id":15926,"href":"https:\/\/portugalvia.com\/vp\/wp-json\/wp\/v2\/posts\/7399\/revisions\/15926"}],"wp:attachment":[{"href":"https:\/\/portugalvia.com\/vp\/wp-json\/wp\/v2\/media?parent=7399"}],"wp:term":[{"taxonomy":"category","embeddable":true,"href":"https:\/\/portugalvia.com\/vp\/wp-json\/wp\/v2\/categories?post=7399"},{"taxonomy":"post_tag","embeddable":true,"href":"https:\/\/portugalvia.com\/vp\/wp-json\/wp\/v2\/tags?post=7399"}],"curies":[{"name":"wp","href":"https:\/\/api.w.org\/{rel}","templated":true}]}}