{"id":7483,"date":"2011-05-08T02:13:03","date_gmt":"2011-05-08T02:13:03","guid":{"rendered":"http:\/\/www.portugalvia.com\/?p=7483"},"modified":"2011-05-08T02:13:44","modified_gmt":"2011-05-08T02:13:44","slug":"sapo-tempo","status":"publish","type":"post","link":"https:\/\/portugalvia.com\/vp\/sapo-tempo\/","title":{"rendered":"SAPO Tempo"},"content":{"rendered":"<p>O SAPO\u00a0 tempo \u00e9 um servi\u00e7o pertencente ao motor de pesquisa SAPO, que fornece\u00a0 informa\u00e7\u00e3o sobre a previs\u00e3o meteorol\u00f3gica de cadas um dos concelhos existentes em Portugal, tanto o pr\u00f3prio dia, bem como para o dia a seguir e onde se pode encontrar a respectiva informa\u00e7\u00e3o para cada um dos concelhos do distrito de Aveiro.<\/p>\n<p><a href=\"http:\/\/tempo.sapo.pt\/\"><span style=\"color: #008080;\">http:\/\/tempo.sapo.pt\/<\/span><\/a><\/p>\n","protected":false},"excerpt":{"rendered":"<p>O SAPO\u00a0 tempo \u00e9 um servi\u00e7o pertencente ao motor de pesquisa SAPO, que fornece\u00a0 informa\u00e7\u00e3o sobre a previs\u00e3o meteorol\u00f3gica de cadas um dos concelhos existentes em Portugal, tanto o pr\u00f3prio dia, bem como para o dia a seguir e onde se pode encontrar a respectiva informa\u00e7\u00e3o para cada um dos concelhos do distrito de Aveiro. http:\/\/tempo.sapo.pt\/<\/p>\n","protected":false},"author":2,"featured_media":0,"comment_status":"closed","ping_status":"open","sticky":false,"template":"","format":"standard","meta":{"footnotes":""},"categories":[3,167],"tags":[],"class_list":["post-7483","post","type-post","status-publish","format-standard","hentry","category-aveiro","category-clima-aveiro"],"_links":{"self":[{"href":"https:\/\/portugalvia.com\/vp\/wp-json\/wp\/v2\/posts\/7483","targetHints":{"allow":["GET"]}}],"collection":[{"href":"https:\/\/portugalvia.com\/vp\/wp-json\/wp\/v2\/posts"}],"about":[{"href":"https:\/\/portugalvia.com\/vp\/wp-json\/wp\/v2\/types\/post"}],"author":[{"embeddable":true,"href":"https:\/\/portugalvia.com\/vp\/wp-json\/wp\/v2\/users\/2"}],"replies":[{"embeddable":true,"href":"https:\/\/portugalvia.com\/vp\/wp-json\/wp\/v2\/comments?post=7483"}],"version-history":[{"count":2,"href":"https:\/\/portugalvia.com\/vp\/wp-json\/wp\/v2\/posts\/7483\/revisions"}],"predecessor-version":[{"id":7485,"href":"https:\/\/portugalvia.com\/vp\/wp-json\/wp\/v2\/posts\/7483\/revisions\/7485"}],"wp:attachment":[{"href":"https:\/\/portugalvia.com\/vp\/wp-json\/wp\/v2\/media?parent=7483"}],"wp:term":[{"taxonomy":"category","embeddable":true,"href":"https:\/\/portugalvia.com\/vp\/wp-json\/wp\/v2\/categories?post=7483"},{"taxonomy":"post_tag","embeddable":true,"href":"https:\/\/portugalvia.com\/vp\/wp-json\/wp\/v2\/tags?post=7483"}],"curies":[{"name":"wp","href":"https:\/\/api.w.org\/{rel}","templated":true}]}}