{"id":7615,"date":"2011-05-09T02:33:18","date_gmt":"2011-05-09T02:33:18","guid":{"rendered":"http:\/\/www.portugalvia.com\/?p=7615"},"modified":"2013-09-22T15:22:01","modified_gmt":"2013-09-22T15:22:01","slug":"instituto-de-meteorologia-de-portugal","status":"publish","type":"post","link":"https:\/\/portugalvia.com\/vp\/instituto-de-meteorologia-de-portugal\/","title":{"rendered":"Instituto Portugu\u00eas do Mar e da Atmosfera"},"content":{"rendered":"<p>No\u00a0site do Instituto Portugu\u00eas do Mar e da Atmosfera, \u00e9 apresentada diversa informa\u00e7\u00e3o climat\u00e9rica e a previs\u00e3o meteorol\u00f3gica para todo o territ\u00f3rio nacional, onde se pode encontrar a respectiva informa\u00e7\u00e3o sobre o distrito de Aveiro.<\/p>\n<p><strong><a href=\"https:\/\/www.ipma.pt\/pt\/\"><span style=\"color: #008080;\">https:\/\/www.ipma.pt\/pt\/<\/span><\/a><\/strong><\/p>\n","protected":false},"excerpt":{"rendered":"<p>No\u00a0site do Instituto Portugu\u00eas do Mar e da Atmosfera, \u00e9 apresentada diversa informa\u00e7\u00e3o climat\u00e9rica e a previs\u00e3o meteorol\u00f3gica para todo o territ\u00f3rio nacional, onde se pode encontrar a respectiva informa\u00e7\u00e3o sobre o distrito de Aveiro. https:\/\/www.ipma.pt\/pt\/<\/p>\n","protected":false},"author":2,"featured_media":0,"comment_status":"closed","ping_status":"open","sticky":false,"template":"","format":"standard","meta":{"footnotes":""},"categories":[3,167],"tags":[],"class_list":["post-7615","post","type-post","status-publish","format-standard","hentry","category-aveiro","category-clima-aveiro"],"_links":{"self":[{"href":"https:\/\/portugalvia.com\/vp\/wp-json\/wp\/v2\/posts\/7615","targetHints":{"allow":["GET"]}}],"collection":[{"href":"https:\/\/portugalvia.com\/vp\/wp-json\/wp\/v2\/posts"}],"about":[{"href":"https:\/\/portugalvia.com\/vp\/wp-json\/wp\/v2\/types\/post"}],"author":[{"embeddable":true,"href":"https:\/\/portugalvia.com\/vp\/wp-json\/wp\/v2\/users\/2"}],"replies":[{"embeddable":true,"href":"https:\/\/portugalvia.com\/vp\/wp-json\/wp\/v2\/comments?post=7615"}],"version-history":[{"count":17,"href":"https:\/\/portugalvia.com\/vp\/wp-json\/wp\/v2\/posts\/7615\/revisions"}],"predecessor-version":[{"id":20439,"href":"https:\/\/portugalvia.com\/vp\/wp-json\/wp\/v2\/posts\/7615\/revisions\/20439"}],"wp:attachment":[{"href":"https:\/\/portugalvia.com\/vp\/wp-json\/wp\/v2\/media?parent=7615"}],"wp:term":[{"taxonomy":"category","embeddable":true,"href":"https:\/\/portugalvia.com\/vp\/wp-json\/wp\/v2\/categories?post=7615"},{"taxonomy":"post_tag","embeddable":true,"href":"https:\/\/portugalvia.com\/vp\/wp-json\/wp\/v2\/tags?post=7615"}],"curies":[{"name":"wp","href":"https:\/\/api.w.org\/{rel}","templated":true}]}}