{"id":8315,"date":"2011-05-12T15:05:20","date_gmt":"2011-05-12T15:05:20","guid":{"rendered":"http:\/\/www.portugalvia.com\/?p=8315"},"modified":"2011-05-14T13:04:48","modified_gmt":"2011-05-14T13:04:48","slug":"aluguer-apartamentos-ferias-15","status":"publish","type":"post","link":"https:\/\/portugalvia.com\/vp\/aluguer-apartamentos-ferias-15\/","title":{"rendered":"Aluguer Apartamentos F\u00e9rias"},"content":{"rendered":"<p><a href=\"http:\/\/www.portugalvia.com\/vp\/wp-content\/uploads\/2011\/05\/header-logo5.gif\"><img loading=\"lazy\" decoding=\"async\" class=\"alignleft size-medium wp-image-8317\" title=\"header-logo\" src=\"http:\/\/www.portugalvia.com\/vp\/wp-content\/uploads\/2011\/05\/header-logo5-300x72.gif\" alt=\"\" width=\"300\" height=\"72\" srcset=\"https:\/\/portugalvia.com\/vp\/wp-content\/uploads\/2011\/05\/header-logo5-300x72.gif 300w, https:\/\/portugalvia.com\/vp\/wp-content\/uploads\/2011\/05\/header-logo5.gif 411w\" sizes=\"auto, (max-width: 300px) 100vw, 300px\" \/><\/a><\/p>\n<p>O site Aluguer Apartamentos F\u00e9rias, permite a inser\u00e7\u00e3o de todo o tipo de an\u00fancios referentes ao aluguer de casas, apartamentos, moradias e outros para f\u00e9rias em Portugal e onde se pode encontrar a respectiva informa\u00e7\u00e3o sobre o distrito de Aveiro.<\/p>\n<p>A publica\u00e7\u00e3o de an\u00fancios \u00e9 gratuita.<\/p>\n<p><a href=\"http:\/\/www.aluguerapartamentosferias.com\"><span style=\"color: #008080;\">http:\/\/www.aluguerapartamentosferias.com<\/span><\/a><\/p>\n","protected":false},"excerpt":{"rendered":"<p>O site Aluguer Apartamentos F\u00e9rias, permite a inser\u00e7\u00e3o de todo o tipo de an\u00fancios referentes ao aluguer de casas, apartamentos, moradias e outros para f\u00e9rias em Portugal e onde se pode encontrar a respectiva informa\u00e7\u00e3o sobre o distrito de Aveiro. A publica\u00e7\u00e3o de an\u00fancios \u00e9 gratuita. http:\/\/www.aluguerapartamentosferias.com<\/p>\n","protected":false},"author":2,"featured_media":0,"comment_status":"closed","ping_status":"open","sticky":false,"template":"","format":"standard","meta":{"footnotes":""},"categories":[3,58],"tags":[],"class_list":["post-8315","post","type-post","status-publish","format-standard","hentry","category-aveiro","category-quartos-e-apartamentos-aveiro"],"_links":{"self":[{"href":"https:\/\/portugalvia.com\/vp\/wp-json\/wp\/v2\/posts\/8315","targetHints":{"allow":["GET"]}}],"collection":[{"href":"https:\/\/portugalvia.com\/vp\/wp-json\/wp\/v2\/posts"}],"about":[{"href":"https:\/\/portugalvia.com\/vp\/wp-json\/wp\/v2\/types\/post"}],"author":[{"embeddable":true,"href":"https:\/\/portugalvia.com\/vp\/wp-json\/wp\/v2\/users\/2"}],"replies":[{"embeddable":true,"href":"https:\/\/portugalvia.com\/vp\/wp-json\/wp\/v2\/comments?post=8315"}],"version-history":[{"count":6,"href":"https:\/\/portugalvia.com\/vp\/wp-json\/wp\/v2\/posts\/8315\/revisions"}],"predecessor-version":[{"id":13585,"href":"https:\/\/portugalvia.com\/vp\/wp-json\/wp\/v2\/posts\/8315\/revisions\/13585"}],"wp:attachment":[{"href":"https:\/\/portugalvia.com\/vp\/wp-json\/wp\/v2\/media?parent=8315"}],"wp:term":[{"taxonomy":"category","embeddable":true,"href":"https:\/\/portugalvia.com\/vp\/wp-json\/wp\/v2\/categories?post=8315"},{"taxonomy":"post_tag","embeddable":true,"href":"https:\/\/portugalvia.com\/vp\/wp-json\/wp\/v2\/tags?post=8315"}],"curies":[{"name":"wp","href":"https:\/\/api.w.org\/{rel}","templated":true}]}}