{"id":8525,"date":"2011-05-13T01:09:24","date_gmt":"2011-05-13T01:09:24","guid":{"rendered":"http:\/\/www.portugalvia.com\/?p=8525"},"modified":"2011-05-13T18:32:59","modified_gmt":"2011-05-13T18:32:59","slug":"apartamentos-de-ferias-2","status":"publish","type":"post","link":"https:\/\/portugalvia.com\/vp\/apartamentos-de-ferias-2\/","title":{"rendered":"Apartamentos de F\u00e9rias"},"content":{"rendered":"<p><a href=\"http:\/\/www.portugalvia.com\/vp\/wp-content\/uploads\/2011\/05\/wwwapartamentosdeferiascom3.jpg\"><img loading=\"lazy\" decoding=\"async\" class=\"alignleft size-full wp-image-8668\" title=\"wwwapartamentosdeferiascom\" src=\"http:\/\/www.portugalvia.com\/vp\/wp-content\/uploads\/2011\/05\/wwwapartamentosdeferiascom3.jpg\" alt=\"\" width=\"150\" height=\"78\" \/><\/a><\/p>\n<p>Apartamentos de f\u00e9rias \u00e9 um portal gratuito de an\u00fancios classificados dedicado exclusivamente a apartamentos de f\u00e9rias para alugar em Portugal e onde se pode encontrar a respectiva informa\u00e7\u00e3o sobre o distrito de Aveiro.<\/p>\n<p>A publica\u00e7\u00e3o de an\u00fancios \u00e9 gratuita.<\/p>\n<p><a href=\"http:\/\/www.apartamentosdeferias.com\/\"><span style=\"color: #008080;\">http:\/\/www.apartamentosdeferias.com\/<\/span><\/a><\/p>\n","protected":false},"excerpt":{"rendered":"<p>Apartamentos de f\u00e9rias \u00e9 um portal gratuito de an\u00fancios classificados dedicado exclusivamente a apartamentos de f\u00e9rias para alugar em Portugal e onde se pode encontrar a respectiva informa\u00e7\u00e3o sobre o distrito de Aveiro. A publica\u00e7\u00e3o de an\u00fancios \u00e9 gratuita. http:\/\/www.apartamentosdeferias.com\/<\/p>\n","protected":false},"author":2,"featured_media":0,"comment_status":"closed","ping_status":"open","sticky":false,"template":"","format":"standard","meta":{"footnotes":""},"categories":[3,58],"tags":[],"class_list":["post-8525","post","type-post","status-publish","format-standard","hentry","category-aveiro","category-quartos-e-apartamentos-aveiro"],"_links":{"self":[{"href":"https:\/\/portugalvia.com\/vp\/wp-json\/wp\/v2\/posts\/8525","targetHints":{"allow":["GET"]}}],"collection":[{"href":"https:\/\/portugalvia.com\/vp\/wp-json\/wp\/v2\/posts"}],"about":[{"href":"https:\/\/portugalvia.com\/vp\/wp-json\/wp\/v2\/types\/post"}],"author":[{"embeddable":true,"href":"https:\/\/portugalvia.com\/vp\/wp-json\/wp\/v2\/users\/2"}],"replies":[{"embeddable":true,"href":"https:\/\/portugalvia.com\/vp\/wp-json\/wp\/v2\/comments?post=8525"}],"version-history":[{"count":5,"href":"https:\/\/portugalvia.com\/vp\/wp-json\/wp\/v2\/posts\/8525\/revisions"}],"predecessor-version":[{"id":13670,"href":"https:\/\/portugalvia.com\/vp\/wp-json\/wp\/v2\/posts\/8525\/revisions\/13670"}],"wp:attachment":[{"href":"https:\/\/portugalvia.com\/vp\/wp-json\/wp\/v2\/media?parent=8525"}],"wp:term":[{"taxonomy":"category","embeddable":true,"href":"https:\/\/portugalvia.com\/vp\/wp-json\/wp\/v2\/categories?post=8525"},{"taxonomy":"post_tag","embeddable":true,"href":"https:\/\/portugalvia.com\/vp\/wp-json\/wp\/v2\/tags?post=8525"}],"curies":[{"name":"wp","href":"https:\/\/api.w.org\/{rel}","templated":true}]}}