{"id":8532,"date":"2011-05-13T01:14:13","date_gmt":"2011-05-13T01:14:13","guid":{"rendered":"http:\/\/www.portugalvia.com\/?p=8532"},"modified":"2011-05-13T18:35:36","modified_gmt":"2011-05-13T18:35:36","slug":"apartamentos-de-ferias-4","status":"publish","type":"post","link":"https:\/\/portugalvia.com\/vp\/apartamentos-de-ferias-4\/","title":{"rendered":"Apartamentos de F\u00e9rias"},"content":{"rendered":"<p><a href=\"http:\/\/www.portugalvia.com\/vp\/wp-content\/uploads\/2011\/05\/wwwapartamentosdeferiascom5.jpg\"><img loading=\"lazy\" decoding=\"async\" class=\"alignleft size-full wp-image-8672\" title=\"wwwapartamentosdeferiascom\" src=\"http:\/\/www.portugalvia.com\/vp\/wp-content\/uploads\/2011\/05\/wwwapartamentosdeferiascom5.jpg\" alt=\"\" width=\"150\" height=\"78\" \/><\/a><\/p>\n<p>Apartamentos de f\u00e9rias \u00e9 um portal gratuito de an\u00fancios classificados dedicado exclusivamente a apartamentos de f\u00e9rias para alugar em Portugal e onde se pode encontrar a respectiva informa\u00e7\u00e3o sobre o distrito de Coimbra.<\/p>\n<p>A publica\u00e7\u00e3o de an\u00fancios \u00e9 gratuita.<\/p>\n<p><a href=\"http:\/\/www.apartamentosdeferias.com\/\"><span style=\"color: #008080;\">http:\/\/www.apartamentosdeferias.com\/<\/span><\/a><\/p>\n","protected":false},"excerpt":{"rendered":"<p>Apartamentos de f\u00e9rias \u00e9 um portal gratuito de an\u00fancios classificados dedicado exclusivamente a apartamentos de f\u00e9rias para alugar em Portugal e onde se pode encontrar a respectiva informa\u00e7\u00e3o sobre o distrito de Coimbra. A publica\u00e7\u00e3o de an\u00fancios \u00e9 gratuita. http:\/\/www.apartamentosdeferias.com\/<\/p>\n","protected":false},"author":2,"featured_media":0,"comment_status":"closed","ping_status":"open","sticky":false,"template":"","format":"standard","meta":{"footnotes":""},"categories":[8,63],"tags":[],"class_list":["post-8532","post","type-post","status-publish","format-standard","hentry","category-coimbra","category-quartos-e-apartamentos-coimbra"],"_links":{"self":[{"href":"https:\/\/portugalvia.com\/vp\/wp-json\/wp\/v2\/posts\/8532","targetHints":{"allow":["GET"]}}],"collection":[{"href":"https:\/\/portugalvia.com\/vp\/wp-json\/wp\/v2\/posts"}],"about":[{"href":"https:\/\/portugalvia.com\/vp\/wp-json\/wp\/v2\/types\/post"}],"author":[{"embeddable":true,"href":"https:\/\/portugalvia.com\/vp\/wp-json\/wp\/v2\/users\/2"}],"replies":[{"embeddable":true,"href":"https:\/\/portugalvia.com\/vp\/wp-json\/wp\/v2\/comments?post=8532"}],"version-history":[{"count":4,"href":"https:\/\/portugalvia.com\/vp\/wp-json\/wp\/v2\/posts\/8532\/revisions"}],"predecessor-version":[{"id":8673,"href":"https:\/\/portugalvia.com\/vp\/wp-json\/wp\/v2\/posts\/8532\/revisions\/8673"}],"wp:attachment":[{"href":"https:\/\/portugalvia.com\/vp\/wp-json\/wp\/v2\/media?parent=8532"}],"wp:term":[{"taxonomy":"category","embeddable":true,"href":"https:\/\/portugalvia.com\/vp\/wp-json\/wp\/v2\/categories?post=8532"},{"taxonomy":"post_tag","embeddable":true,"href":"https:\/\/portugalvia.com\/vp\/wp-json\/wp\/v2\/tags?post=8532"}],"curies":[{"name":"wp","href":"https:\/\/api.w.org\/{rel}","templated":true}]}}