{"id":8983,"date":"2011-05-15T01:55:43","date_gmt":"2011-05-15T01:55:43","guid":{"rendered":"http:\/\/www.portugalvia.com\/?p=8983"},"modified":"2013-09-24T03:03:54","modified_gmt":"2013-09-24T03:03:54","slug":"meteoonline-pt","status":"publish","type":"post","link":"https:\/\/portugalvia.com\/vp\/meteoonline-pt\/","title":{"rendered":"Meteovista"},"content":{"rendered":"<p lang=\"\" align=\"JUSTIFY\"><span style=\"font-size: small;\">Existente desde 2009, o Meteovista, \u00e9 um site que apresenta a previs\u00e3o meteorol\u00f3gica para os diferentes continentes do mundo e respectivos pa\u00edses, entre os quais, Portugal e onde se pode encontrar a respectiva informa\u00e7\u00e3o sobre o distrito de Aveiro.<\/span><\/p>\n<p lang=\"\" align=\"JUSTIFY\"><span style=\"font-size: small;\">Al\u00e9m de previs\u00f5es meteorol\u00f3gicas, o Meteovista informa ainda sobre a intensidade do vento, bem como, imagem de sat\u00e9lite, fornecendo ainda informa\u00e7\u00e3o sobre o tempo relaccionado com actividades de lazer e de desporto. <\/span><\/p>\n<p>&nbsp;<\/p>\n<p><span style=\"color: #008080;\"><a href=\"http:\/\/www.meteoonline.com.pt\"><span style=\"color: #008080;\">http:\/\/www.meteovista.com<\/span><\/a><\/span><\/p>\n<p>&nbsp;<\/p>\n","protected":false},"excerpt":{"rendered":"<p>Existente desde 2009, o Meteovista, \u00e9 um site que apresenta a previs\u00e3o meteorol\u00f3gica para os diferentes continentes do mundo e respectivos pa\u00edses, entre os quais, Portugal e onde se pode encontrar a respectiva informa\u00e7\u00e3o sobre o distrito de Aveiro. Al\u00e9m de previs\u00f5es meteorol\u00f3gicas, o Meteovista informa ainda sobre a intensidade do vento, bem como, imagem de sat\u00e9lite, fornecendo ainda informa\u00e7\u00e3o sobre o tempo relaccionado com actividades de lazer e de desporto. &nbsp; http:\/\/www.meteovista.com &nbsp;<\/p>\n","protected":false},"author":2,"featured_media":0,"comment_status":"closed","ping_status":"open","sticky":false,"template":"","format":"standard","meta":{"footnotes":""},"categories":[3,167],"tags":[],"class_list":["post-8983","post","type-post","status-publish","format-standard","hentry","category-aveiro","category-clima-aveiro"],"_links":{"self":[{"href":"https:\/\/portugalvia.com\/vp\/wp-json\/wp\/v2\/posts\/8983","targetHints":{"allow":["GET"]}}],"collection":[{"href":"https:\/\/portugalvia.com\/vp\/wp-json\/wp\/v2\/posts"}],"about":[{"href":"https:\/\/portugalvia.com\/vp\/wp-json\/wp\/v2\/types\/post"}],"author":[{"embeddable":true,"href":"https:\/\/portugalvia.com\/vp\/wp-json\/wp\/v2\/users\/2"}],"replies":[{"embeddable":true,"href":"https:\/\/portugalvia.com\/vp\/wp-json\/wp\/v2\/comments?post=8983"}],"version-history":[{"count":12,"href":"https:\/\/portugalvia.com\/vp\/wp-json\/wp\/v2\/posts\/8983\/revisions"}],"predecessor-version":[{"id":20517,"href":"https:\/\/portugalvia.com\/vp\/wp-json\/wp\/v2\/posts\/8983\/revisions\/20517"}],"wp:attachment":[{"href":"https:\/\/portugalvia.com\/vp\/wp-json\/wp\/v2\/media?parent=8983"}],"wp:term":[{"taxonomy":"category","embeddable":true,"href":"https:\/\/portugalvia.com\/vp\/wp-json\/wp\/v2\/categories?post=8983"},{"taxonomy":"post_tag","embeddable":true,"href":"https:\/\/portugalvia.com\/vp\/wp-json\/wp\/v2\/tags?post=8983"}],"curies":[{"name":"wp","href":"https:\/\/api.w.org\/{rel}","templated":true}]}}