{"id":92,"date":"2011-02-15T21:47:02","date_gmt":"2011-02-15T21:47:02","guid":{"rendered":"http:\/\/www.portugalvia.com\/?p=92"},"modified":"2011-05-09T20:59:25","modified_gmt":"2011-05-09T20:59:25","slug":"top-atlantico","status":"publish","type":"post","link":"https:\/\/portugalvia.com\/vp\/top-atlantico\/","title":{"rendered":"Top Atl\u00e2ntico"},"content":{"rendered":"<p>A Top Atl\u00e2ntico \u00e9 uma ag\u00eancia de viagens, surgida em Janeiro de 2003, resultante da fus\u00e3o entre a Top Tours e a Space Travel, e a sua presen\u00e7a no Grupo Esp\u00edrito Santo Viagens.<\/p>\n<p>A empresa disp\u00f5e de representa\u00e7\u00f5es localizadas em todo o territ\u00f3rio de Portugal.<\/p>\n<p><strong>\u00c1GUEDA<\/strong><\/p>\n<p><strong>Rua Joaquim Francisco de Oliveira, 19 Loja<\/strong><br \/>\n<strong> Bloco 3<\/strong><br \/>\n<strong> 3750-153 \u00c1gueda<\/strong><br \/>\n<strong> Telefone- 234612750<\/strong><br \/>\n<strong> Fax-234612769<\/strong><br \/>\n<strong> Email- agueda@topatlantico.com<\/strong><\/p>\n<p><strong>AVEIRO<\/strong><\/p>\n<p><strong>AV. Dr. Louren\u00e7o Peixinho, 181-B<\/strong><br \/>\n<strong> 3800-167 Aveiro<\/strong><br \/>\n<strong> Telefone- 234423723<\/strong><br \/>\n<strong> Fax- 234423787<\/strong><br \/>\n<strong> Email- <a href=\"mailto:aveiro@topatlantico.com\">aveiro@topatlantico.com<\/a><\/strong><\/p>\n<p><strong> <\/strong><\/p>\n<p><strong>UNIVERSIDADE DE AVEIRO<\/strong><\/p>\n<p><strong>Zona Comercial SASUA Campus Univ. Santiago<\/strong><br \/>\n<strong> 3810 &#8211; 193 Aveiro<\/strong><br \/>\n<strong> Telefone- 234345413<\/strong><br \/>\n<strong> Fax- 234338347<\/strong><br \/>\n<strong> Email- ua@topatlantico.com<\/strong><\/p>\n<p><a href=\"http:\/\/www.topatlantico.pt\"><span style=\"color: #008080;\">http:\/\/www.topatlantico.pt<\/span><\/a><\/p>\n<p><strong><span style=\"color: #008080; font-family: Times New Roman; font-size: small;\"> <\/span><\/strong><\/p>\n<p class=\"MsoNormal\" style=\"margin: 0cm 0cm 0pt; text-align: justify;\"><span style=\"color: #008080; font-family: &quot;Century Gothic&quot;;\"><span style=\"font-size: small;\"> <\/span><\/span><\/p>\n<p><span style=\"font-family: Times New Roman; font-size: small;\"> <\/span><\/p>\n<p class=\"MsoNormal\" style=\"margin: 0cm 0cm 0pt; text-align: justify;\"><span style=\"font-family: Times New Roman; font-size: small;\"> <\/span><\/p>\n<p class=\"MsoNormal\" style=\"margin: 0cm 0cm 0pt; text-align: justify;\"><span style=\"color: navy; font-family: &quot;Century Gothic&quot;;\"><span style=\"font-size: small;\"> <\/span><\/span><\/p>\n<p><span style=\"font-family: Times New Roman; font-size: small;\"> <\/span><\/p>\n<p class=\"MsoNormal\" style=\"margin: 0cm 0cm 0pt; text-align: justify;\">&nbsp;<\/p>\n","protected":false},"excerpt":{"rendered":"<p>Ag\u00eancia de Viagens, com uma delega\u00e7\u00e3o em Aveiro.<\/p>\n","protected":false},"author":2,"featured_media":0,"comment_status":"closed","ping_status":"closed","sticky":false,"template":"","format":"standard","meta":{"footnotes":""},"categories":[185,3],"tags":[],"class_list":["post-92","post","type-post","status-publish","format-standard","hentry","category-agencias-de-viagem-aveiro","category-aveiro"],"_links":{"self":[{"href":"https:\/\/portugalvia.com\/vp\/wp-json\/wp\/v2\/posts\/92","targetHints":{"allow":["GET"]}}],"collection":[{"href":"https:\/\/portugalvia.com\/vp\/wp-json\/wp\/v2\/posts"}],"about":[{"href":"https:\/\/portugalvia.com\/vp\/wp-json\/wp\/v2\/types\/post"}],"author":[{"embeddable":true,"href":"https:\/\/portugalvia.com\/vp\/wp-json\/wp\/v2\/users\/2"}],"replies":[{"embeddable":true,"href":"https:\/\/portugalvia.com\/vp\/wp-json\/wp\/v2\/comments?post=92"}],"version-history":[{"count":18,"href":"https:\/\/portugalvia.com\/vp\/wp-json\/wp\/v2\/posts\/92\/revisions"}],"predecessor-version":[{"id":95,"href":"https:\/\/portugalvia.com\/vp\/wp-json\/wp\/v2\/posts\/92\/revisions\/95"}],"wp:attachment":[{"href":"https:\/\/portugalvia.com\/vp\/wp-json\/wp\/v2\/media?parent=92"}],"wp:term":[{"taxonomy":"category","embeddable":true,"href":"https:\/\/portugalvia.com\/vp\/wp-json\/wp\/v2\/categories?post=92"},{"taxonomy":"post_tag","embeddable":true,"href":"https:\/\/portugalvia.com\/vp\/wp-json\/wp\/v2\/tags?post=92"}],"curies":[{"name":"wp","href":"https:\/\/api.w.org\/{rel}","templated":true}]}}