{"id":9615,"date":"2011-05-21T00:04:44","date_gmt":"2011-05-21T00:04:44","guid":{"rendered":"http:\/\/www.portugalvia.com\/?p=9615"},"modified":"2011-05-23T13:54:42","modified_gmt":"2011-05-23T13:54:42","slug":"teamtour","status":"publish","type":"post","link":"https:\/\/portugalvia.com\/vp\/teamtour\/","title":{"rendered":"Teamtour"},"content":{"rendered":"<p><a href=\"http:\/\/www.portugalvia.com\/vp\/wp-content\/uploads\/2011\/05\/teamtour.jpg\"><img loading=\"lazy\" decoding=\"async\" class=\"alignleft size-full wp-image-9763\" title=\"teamtour\" src=\"http:\/\/www.portugalvia.com\/vp\/wp-content\/uploads\/2011\/05\/teamtour.jpg\" alt=\"\" width=\"269\" height=\"69\" \/><\/a><\/p>\n<p>Teamtour \u00e9 a marca comercial da PJA -Solu\u00e7\u00f5es Globais de Turismo, Lda, operando no sector das viagens e do turismo e contando com balc\u00f5es em Aveiro, Santa Maria da Feira, Oliveira de Azemeis, Portim\u00e3o, \u00a0Faro e S\u00e3o Jo\u00e3o da Madeira.<\/p>\n<p><strong>AVEIRO<\/strong><\/p>\n<p><strong>Av. Dr Louren\u00e7o Peixinho, 290\u00a0<\/strong><br \/>\n<strong>3800-162 Aveiro<\/strong><br \/>\n<strong>Telefone- 234 379 999\u00a0<\/strong><br \/>\n<strong>Fax- 234 427 260<\/strong><br \/>\n<strong>E-mail-aveiro@teamtour.pt\u00a0<\/strong><\/p>\n<p><strong>SANTA MARIA DA FEIRA<\/strong><\/p>\n<p><strong>Av. de Portugal, 2\u00a0<\/strong><br \/>\n<strong>4520-165 Santa Maria da Feira<\/strong><br \/>\n<strong>Telefone- 256 378 003\u00a0<\/strong><br \/>\n<strong>Fax- 256 378 005<\/strong><br \/>\n<strong>E-mail- feira@teamtour.pt\u00a0<\/strong><\/p>\n<p><strong>OLIVEIRA DE AZEMEIS<\/strong><\/p>\n<p><strong><a title=\"Oliveira de Azemeis\" href=\"http:\/\/www.teamtour.pt\/Localizacoes\">Rua Eng\u00ba Arantes e Oliveira, 103 E\u00a0\u00a0<br \/>\n3720-253 Oliveira de Azem\u00e9is\u00a0<\/a><\/strong><br \/>\n<strong>Telefone- \u00a0256 681 125\u00a0\u00a0<\/strong><br \/>\n<strong>Fax- 256 681 824\u00a0<\/strong><br \/>\n<strong>E-mail- <a href=\"mailto:oaz@teamtour.pt\">oaz@teamtour.pt<\/a>\u00a0\u00a0<\/strong><\/p>\n<p><strong>S\u00c3O JO\u00c3O DA MADEIRA<\/strong><\/p>\n<p><strong>Av da Miseric\u00f3rdia, 209 r\/c\u00a0<\/strong><br \/>\n<strong>3700-193 S\u00e3o Jo\u00e3o da Madeira\u00a0<\/strong><br \/>\n<strong>Telefone- 256 833 301\u00a0<\/strong><br \/>\n<strong>Fax- 256 833 303<\/strong><br \/>\n<strong>E-mail- <a href=\"mailto:sjm@teamtour.pt\">sjm@teamtour.pt<\/a><\/strong><\/p>\n<p><a href=\"http:\/\/www.teamtour.pt\"><span style=\"color: #008080;\">http:\/\/www.teamtour.pt<\/span><\/a><\/p>\n","protected":false},"excerpt":{"rendered":"<p>Teamtour \u00e9 a marca comercial da PJA -Solu\u00e7\u00f5es Globais de Turismo, Lda, operando no sector das viagens e do turismo e contando com balc\u00f5es em Aveiro, Santa Maria da Feira, Oliveira de Azemeis, Portim\u00e3o, \u00a0Faro e S\u00e3o Jo\u00e3o da Madeira. AVEIRO Av. Dr Louren\u00e7o Peixinho, 290\u00a0 3800-162 Aveiro Telefone- 234 379 999\u00a0 Fax- 234 427 260 E-mail-aveiro@teamtour.pt\u00a0 SANTA MARIA DA FEIRA Av. de Portugal, 2\u00a0 4520-165 Santa Maria da Feira Telefone- 256 378 003\u00a0 Fax- [&hellip;]<\/p>\n","protected":false},"author":2,"featured_media":0,"comment_status":"closed","ping_status":"open","sticky":false,"template":"","format":"standard","meta":{"footnotes":""},"categories":[185,3],"tags":[],"class_list":["post-9615","post","type-post","status-publish","format-standard","hentry","category-agencias-de-viagem-aveiro","category-aveiro"],"_links":{"self":[{"href":"https:\/\/portugalvia.com\/vp\/wp-json\/wp\/v2\/posts\/9615","targetHints":{"allow":["GET"]}}],"collection":[{"href":"https:\/\/portugalvia.com\/vp\/wp-json\/wp\/v2\/posts"}],"about":[{"href":"https:\/\/portugalvia.com\/vp\/wp-json\/wp\/v2\/types\/post"}],"author":[{"embeddable":true,"href":"https:\/\/portugalvia.com\/vp\/wp-json\/wp\/v2\/users\/2"}],"replies":[{"embeddable":true,"href":"https:\/\/portugalvia.com\/vp\/wp-json\/wp\/v2\/comments?post=9615"}],"version-history":[{"count":6,"href":"https:\/\/portugalvia.com\/vp\/wp-json\/wp\/v2\/posts\/9615\/revisions"}],"predecessor-version":[{"id":15928,"href":"https:\/\/portugalvia.com\/vp\/wp-json\/wp\/v2\/posts\/9615\/revisions\/15928"}],"wp:attachment":[{"href":"https:\/\/portugalvia.com\/vp\/wp-json\/wp\/v2\/media?parent=9615"}],"wp:term":[{"taxonomy":"category","embeddable":true,"href":"https:\/\/portugalvia.com\/vp\/wp-json\/wp\/v2\/categories?post=9615"},{"taxonomy":"post_tag","embeddable":true,"href":"https:\/\/portugalvia.com\/vp\/wp-json\/wp\/v2\/tags?post=9615"}],"curies":[{"name":"wp","href":"https:\/\/api.w.org\/{rel}","templated":true}]}}